{"id":1943,"date":"2018-05-17T11:21:05","date_gmt":"2018-05-17T11:21:05","guid":{"rendered":"http:\/\/germin.org\/?p=1943"},"modified":"2018-05-17T11:21:05","modified_gmt":"2018-05-17T11:21:05","slug":"promovimi-i-shkembimit-profesional-me-diasporen-shqiptare","status":"publish","type":"post","link":"https:\/\/germin.org\/sq\/promovimi-i-shkembimit-profesional-me-diasporen-shqiptare\/","title":{"rendered":"Promovimi i Shk\u00ebmbimit Profesional me Diaspor\u00ebn Shqiptare"},"content":{"rendered":"<div class=\"page\" title=\"Page 2\">\n<div class=\"layoutArea\">\n<div class=\"column\">\n<p style=\"text-align: center;\"><strong>PROMOVIMI I SHK\u00cbMBIMIT PROFESIONAL ME DIASPOR\u00cbN SHQIPTARE<\/strong><\/p>\n<p style=\"text-align: center;\"><strong>17-20 MAJ 2018<br \/>\n<\/strong><em><strong>Nxitja e shk\u00ebmbimit profesional<\/strong><\/em><\/p>\n<p><strong><span class=\"ish-highlight ish-text-color5\">VIZIONI<\/span><\/strong><\/p>\n<p>Vizioni yn\u00eb \u00ebsht\u00eb t\u00eb nxisim kontributin pozitiv t\u00eb diaspor\u00ebs shqiptare n\u00eb zhvillimin politik, shoq\u00ebror dhe ekonomik t\u00eb vendeve am\u00eb.<\/p>\n<p><strong><span class=\"ish-highlight ish-text-color5\">OBJEKTIVAT<\/span><\/strong><\/p>\n<ol>\n<li>Rikthimi i besimit dhe lidhjes n\u00eb mes t\u00eb Diaspor\u00ebs shqiptare dhe vendit t\u00eb tyre am\u00eb, si dhe promovimin e vlerave kulturore dhe historike p\u00ebrmes programeve frym\u00ebzuese dhe programeve t\u00eb veprimit\/aktivizmit;<\/li>\n<li>Krijimi i rrug\u00ebve pozitive dhe jo-diskriminuese p\u00ebr angazhimin profesional t\u00eb diaspor\u00ebs n\u00eb zhvillimin ekonomik dhe social t\u00eb vendit am\u00eb; dhe<\/li>\n<li>Promovimi i praktikave m\u00eb t\u00eb mira duke marr\u00eb qasjen \u201cmendoni global, veproni lokal\u201d p\u00ebr t\u00eb influencuar n\u00eb hartimin e politikave dhe duke siguruar q\u00eb ato p\u00ebrfaq\u00ebsojn\u00eb p\u00ebrfshirjen dhe krijimin e mbajtjes s\u00eb vlerave t\u00eb p\u00ebrbashk\u00ebta n\u00eb vendet am\u00eb.<\/li>\n<\/ol>\n<p><strong><span class=\"ish-highlight ish-text-color5\">HISTORIKU<\/span><\/strong><\/p>\n<p>Qeverit\u00eb tona kan\u00eb d\u00ebshmuar se jan\u00eb m\u00eb pak se partner t\u00eb besuesh\u00ebm gjat\u00eb viteve p\u00ebr angazhimin e diaspor\u00ebs shqiptare n\u00eb nj\u00eb m\u00ebnyr\u00eb t\u00eb koordinuar dhe institucionale. P\u00ebrkund\u00ebr hapit pozitiv n\u00eb krijimin e Ministris\u00eb s\u00eb Diaspor\u00ebs, \u00ebsht\u00eb e r\u00ebnd\u00ebsishme q\u00eb an\u00ebtar\u00ebt e Diaspor\u00ebs shqiptare t\u00eb angazhohen pozitivisht dhe t\u00eb marrin nj\u00eb rol proaktiv. Grupi yn\u00eb i pun\u00ebs p\u00ebrb\u00ebhet nga 20 profesionist\u00eb an\u00ebtar\u00eb t\u00eb diaspor\u00ebs, q\u00eb p\u00ebrfaq\u00ebsojn\u00eb tet\u00eb (8) rajone nga bota, t\u00eb cil\u00ebt kan\u00eb ekspertiz\u00eb, rrjete dhe p\u00ebrvoja shum\u00eb t\u00eb pasura dhe t\u00eb ndryshme.<\/p>\n<p><strong><span class=\"ish-highlight ish-text-color5\">METODOLOGJIA<\/span><\/strong><\/p>\n<p>Grupi punues kan\u00eb punuar s\u00eb bashku nga periudha kohore shtator 2017- mars 2018, duke dh\u00ebn\u00eb kontributin e tyre profesional n\u00eb nd\u00ebrtimin e k\u00ebtij planit t\u00eb veprimit.<\/p>\n<p>P\u00ebr t\u00eb lexuar Planin e Veprimit nga Task Forca Promovimin e Shk\u00ebmbimit profesional me Diaspor\u00ebn Shqiptare, p\u00ebr \u00a0ju lutem klikoni\u00a0<a style=\"font-size: 16px;\" href=\"http:\/\/germin.org\/wp-content\/uploads\/2019\/01\/Promovimi-i-shkembimit-profesional-me-diasporen-shqiptare_Germin.pdf\">K\u00cbTU.<\/a><\/p>\n<\/div>\n<p>&nbsp;<\/p>\n<p>&nbsp;<\/p>\n<\/div>\n<\/div>","protected":false},"excerpt":{"rendered":"<p>PROMOVIMI I SHK\u00cbMBIMIT PROFESIONAL ME DIASPOR\u00cbN SHQIPTARE 17-20 MAJ 2018 Nxitja e shk\u00ebmbimit profesional VIZIONI Vizioni yn\u00eb \u00ebsht\u00eb t\u00eb nxisim kontributin pozitiv t\u00eb diaspor\u00ebs shqiptare n\u00eb zhvillimin politik, shoq\u00ebror dhe ekonomik t\u00eb vendeve am\u00eb. OBJEKTIVAT Rikthimi i besimit dhe lidhjes n\u00eb mes t\u00eb Diaspor\u00ebs shqiptare dhe vendit t\u00eb tyre am\u00eb, si dhe promovimin e vlerave [&hellip;]<\/p>\n","protected":false},"author":1,"featured_media":3974,"comment_status":"closed","ping_status":"closed","sticky":false,"template":"","format":"standard","meta":{"_acf_changed":false,"footnotes":""},"categories":[40],"tags":[],"class_list":["post-1943","post","type-post","status-publish","format-standard","has-post-thumbnail","hentry","category-news"],"acf":[],"yoast_head":"<!-- This site is optimized with the Yoast SEO plugin v27.4 - https:\/\/yoast.com\/product\/yoast-seo-wordpress\/ -->\n<title>Promovimi i Shk\u00ebmbimit Profesional me Diaspor\u00ebn Shqiptare - Germin<\/title>\n<meta name=\"robots\" content=\"index, follow, max-snippet:-1, max-image-preview:large, max-video-preview:-1\" \/>\n<link rel=\"canonical\" href=\"https:\/\/germin.org\/sq\/promovimi-i-shkembimit-profesional-me-diasporen-shqiptare\/\" \/>\n<meta property=\"og:locale\" content=\"sq_AL\" \/>\n<meta property=\"og:type\" content=\"article\" \/>\n<meta property=\"og:title\" content=\"Promovimi i Shk\u00ebmbimit Profesional me Diaspor\u00ebn Shqiptare - Germin\" \/>\n<meta property=\"og:description\" content=\"PROMOVIMI I SHK\u00cbMBIMIT PROFESIONAL ME DIASPOR\u00cbN SHQIPTARE 17-20 MAJ 2018 Nxitja e shk\u00ebmbimit profesional VIZIONI Vizioni yn\u00eb \u00ebsht\u00eb t\u00eb nxisim kontributin pozitiv t\u00eb diaspor\u00ebs shqiptare n\u00eb zhvillimin politik, shoq\u00ebror dhe ekonomik t\u00eb vendeve am\u00eb. OBJEKTIVAT Rikthimi i besimit dhe lidhjes n\u00eb mes t\u00eb Diaspor\u00ebs shqiptare dhe vendit t\u00eb tyre am\u00eb, si dhe promovimin e vlerave [&hellip;]\" \/>\n<meta property=\"og:url\" content=\"https:\/\/germin.org\/sq\/promovimi-i-shkembimit-profesional-me-diasporen-shqiptare\/\" \/>\n<meta property=\"og:site_name\" content=\"Germin\" \/>\n<meta property=\"article:published_time\" content=\"2018-05-17T11:21:05+00:00\" \/>\n<meta name=\"author\" content=\"admin\" \/>\n<meta name=\"twitter:card\" content=\"summary_large_image\" \/>\n<meta name=\"twitter:label1\" content=\"Written by\" \/>\n\t<meta name=\"twitter:data1\" content=\"admin\" \/>\n\t<meta name=\"twitter:label2\" content=\"Est. reading time\" \/>\n\t<meta name=\"twitter:data2\" content=\"2 minutes\" \/>\n<script type=\"application\/ld+json\" class=\"yoast-schema-graph\">{\"@context\":\"https:\\\/\\\/schema.org\",\"@graph\":[{\"@type\":\"Article\",\"@id\":\"https:\\\/\\\/germin.org\\\/promovimi-i-shkembimit-profesional-me-diasporen-shqiptare\\\/#article\",\"isPartOf\":{\"@id\":\"https:\\\/\\\/germin.org\\\/promovimi-i-shkembimit-profesional-me-diasporen-shqiptare\\\/\"},\"author\":{\"name\":\"admin\",\"@id\":\"https:\\\/\\\/germin.org\\\/#\\\/schema\\\/person\\\/e8d8cc608a68d517f9a0fee07ceecd36\"},\"headline\":\"Promovimi i Shk\u00ebmbimit Profesional me Diaspor\u00ebn Shqiptare\",\"datePublished\":\"2018-05-17T11:21:05+00:00\",\"mainEntityOfPage\":{\"@id\":\"https:\\\/\\\/germin.org\\\/promovimi-i-shkembimit-profesional-me-diasporen-shqiptare\\\/\"},\"wordCount\":310,\"publisher\":{\"@id\":\"https:\\\/\\\/germin.org\\\/#organization\"},\"image\":{\"@id\":\"https:\\\/\\\/germin.org\\\/promovimi-i-shkembimit-profesional-me-diasporen-shqiptare\\\/#primaryimage\"},\"thumbnailUrl\":\"https:\\\/\\\/germin.org\\\/wp-content\\\/uploads\\\/2018\\\/05\\\/Policy-Briefs-9.png\",\"articleSection\":[\"News\"],\"inLanguage\":\"sq\"},{\"@type\":\"WebPage\",\"@id\":\"https:\\\/\\\/germin.org\\\/promovimi-i-shkembimit-profesional-me-diasporen-shqiptare\\\/\",\"url\":\"https:\\\/\\\/germin.org\\\/promovimi-i-shkembimit-profesional-me-diasporen-shqiptare\\\/\",\"name\":\"Promovimi i Shk\u00ebmbimit Profesional me Diaspor\u00ebn Shqiptare - Germin\",\"isPartOf\":{\"@id\":\"https:\\\/\\\/germin.org\\\/#website\"},\"primaryImageOfPage\":{\"@id\":\"https:\\\/\\\/germin.org\\\/promovimi-i-shkembimit-profesional-me-diasporen-shqiptare\\\/#primaryimage\"},\"image\":{\"@id\":\"https:\\\/\\\/germin.org\\\/promovimi-i-shkembimit-profesional-me-diasporen-shqiptare\\\/#primaryimage\"},\"thumbnailUrl\":\"https:\\\/\\\/germin.org\\\/wp-content\\\/uploads\\\/2018\\\/05\\\/Policy-Briefs-9.png\",\"datePublished\":\"2018-05-17T11:21:05+00:00\",\"breadcrumb\":{\"@id\":\"https:\\\/\\\/germin.org\\\/promovimi-i-shkembimit-profesional-me-diasporen-shqiptare\\\/#breadcrumb\"},\"inLanguage\":\"sq\",\"potentialAction\":[{\"@type\":\"ReadAction\",\"target\":[\"https:\\\/\\\/germin.org\\\/promovimi-i-shkembimit-profesional-me-diasporen-shqiptare\\\/\"]}]},{\"@type\":\"ImageObject\",\"inLanguage\":\"sq\",\"@id\":\"https:\\\/\\\/germin.org\\\/promovimi-i-shkembimit-profesional-me-diasporen-shqiptare\\\/#primaryimage\",\"url\":\"https:\\\/\\\/germin.org\\\/wp-content\\\/uploads\\\/2018\\\/05\\\/Policy-Briefs-9.png\",\"contentUrl\":\"https:\\\/\\\/germin.org\\\/wp-content\\\/uploads\\\/2018\\\/05\\\/Policy-Briefs-9.png\",\"width\":900,\"height\":480},{\"@type\":\"BreadcrumbList\",\"@id\":\"https:\\\/\\\/germin.org\\\/promovimi-i-shkembimit-profesional-me-diasporen-shqiptare\\\/#breadcrumb\",\"itemListElement\":[{\"@type\":\"ListItem\",\"position\":1,\"name\":\"Home\",\"item\":\"https:\\\/\\\/germin.org\\\/\"},{\"@type\":\"ListItem\",\"position\":2,\"name\":\"Promovimi i Shk\u00ebmbimit Profesional me Diaspor\u00ebn Shqiptare\"}]},{\"@type\":\"WebSite\",\"@id\":\"https:\\\/\\\/germin.org\\\/#website\",\"url\":\"https:\\\/\\\/germin.org\\\/\",\"name\":\"Germin\",\"description\":\"Co-Creating the Future\",\"publisher\":{\"@id\":\"https:\\\/\\\/germin.org\\\/#organization\"},\"potentialAction\":[{\"@type\":\"SearchAction\",\"target\":{\"@type\":\"EntryPoint\",\"urlTemplate\":\"https:\\\/\\\/germin.org\\\/?s={search_term_string}\"},\"query-input\":{\"@type\":\"PropertyValueSpecification\",\"valueRequired\":true,\"valueName\":\"search_term_string\"}}],\"inLanguage\":\"sq\"},{\"@type\":\"Organization\",\"@id\":\"https:\\\/\\\/germin.org\\\/#organization\",\"name\":\"Germin\",\"url\":\"https:\\\/\\\/germin.org\\\/\",\"logo\":{\"@type\":\"ImageObject\",\"inLanguage\":\"sq\",\"@id\":\"https:\\\/\\\/germin.org\\\/#\\\/schema\\\/logo\\\/image\\\/\",\"url\":\"https:\\\/\\\/germin.org\\\/wp-content\\\/uploads\\\/2025\\\/05\\\/Germin_Logo-1.svg\",\"contentUrl\":\"https:\\\/\\\/germin.org\\\/wp-content\\\/uploads\\\/2025\\\/05\\\/Germin_Logo-1.svg\",\"width\":1282,\"height\":378,\"caption\":\"Germin\"},\"image\":{\"@id\":\"https:\\\/\\\/germin.org\\\/#\\\/schema\\\/logo\\\/image\\\/\"}},{\"@type\":\"Person\",\"@id\":\"https:\\\/\\\/germin.org\\\/#\\\/schema\\\/person\\\/e8d8cc608a68d517f9a0fee07ceecd36\",\"name\":\"admin\",\"image\":{\"@type\":\"ImageObject\",\"inLanguage\":\"sq\",\"@id\":\"https:\\\/\\\/secure.gravatar.com\\\/avatar\\\/7f2ea56e3c3d76eaa58c6b5bf4c22591cb49c03b8b6b3232a7ac93492efeff3a?s=96&d=mm&r=g\",\"url\":\"https:\\\/\\\/secure.gravatar.com\\\/avatar\\\/7f2ea56e3c3d76eaa58c6b5bf4c22591cb49c03b8b6b3232a7ac93492efeff3a?s=96&d=mm&r=g\",\"contentUrl\":\"https:\\\/\\\/secure.gravatar.com\\\/avatar\\\/7f2ea56e3c3d76eaa58c6b5bf4c22591cb49c03b8b6b3232a7ac93492efeff3a?s=96&d=mm&r=g\",\"caption\":\"admin\"},\"sameAs\":[\"https:\\\/\\\/germin.org\"],\"url\":\"https:\\\/\\\/germin.org\\\/sq\\\/author\\\/shpatferizi_kplna5o5\\\/\"}]}<\/script>\n<!-- \/ Yoast SEO plugin. -->","yoast_head_json":{"title":"Promovimi i Shk\u00ebmbimit Profesional me Diaspor\u00ebn Shqiptare - Germin","robots":{"index":"index","follow":"follow","max-snippet":"max-snippet:-1","max-image-preview":"max-image-preview:large","max-video-preview":"max-video-preview:-1"},"canonical":"https:\/\/germin.org\/sq\/promovimi-i-shkembimit-profesional-me-diasporen-shqiptare\/","og_locale":"sq_AL","og_type":"article","og_title":"Promovimi i Shk\u00ebmbimit Profesional me Diaspor\u00ebn Shqiptare - Germin","og_description":"PROMOVIMI I SHK\u00cbMBIMIT PROFESIONAL ME DIASPOR\u00cbN SHQIPTARE 17-20 MAJ 2018 Nxitja e shk\u00ebmbimit profesional VIZIONI Vizioni yn\u00eb \u00ebsht\u00eb t\u00eb nxisim kontributin pozitiv t\u00eb diaspor\u00ebs shqiptare n\u00eb zhvillimin politik, shoq\u00ebror dhe ekonomik t\u00eb vendeve am\u00eb. OBJEKTIVAT Rikthimi i besimit dhe lidhjes n\u00eb mes t\u00eb Diaspor\u00ebs shqiptare dhe vendit t\u00eb tyre am\u00eb, si dhe promovimin e vlerave [&hellip;]","og_url":"https:\/\/germin.org\/sq\/promovimi-i-shkembimit-profesional-me-diasporen-shqiptare\/","og_site_name":"Germin","article_published_time":"2018-05-17T11:21:05+00:00","author":"admin","twitter_card":"summary_large_image","twitter_misc":{"Written by":"admin","Est. reading time":"2 minutes"},"schema":{"@context":"https:\/\/schema.org","@graph":[{"@type":"Article","@id":"https:\/\/germin.org\/promovimi-i-shkembimit-profesional-me-diasporen-shqiptare\/#article","isPartOf":{"@id":"https:\/\/germin.org\/promovimi-i-shkembimit-profesional-me-diasporen-shqiptare\/"},"author":{"name":"admin","@id":"https:\/\/germin.org\/#\/schema\/person\/e8d8cc608a68d517f9a0fee07ceecd36"},"headline":"Promovimi i Shk\u00ebmbimit Profesional me Diaspor\u00ebn Shqiptare","datePublished":"2018-05-17T11:21:05+00:00","mainEntityOfPage":{"@id":"https:\/\/germin.org\/promovimi-i-shkembimit-profesional-me-diasporen-shqiptare\/"},"wordCount":310,"publisher":{"@id":"https:\/\/germin.org\/#organization"},"image":{"@id":"https:\/\/germin.org\/promovimi-i-shkembimit-profesional-me-diasporen-shqiptare\/#primaryimage"},"thumbnailUrl":"https:\/\/germin.org\/wp-content\/uploads\/2018\/05\/Policy-Briefs-9.png","articleSection":["News"],"inLanguage":"sq"},{"@type":"WebPage","@id":"https:\/\/germin.org\/promovimi-i-shkembimit-profesional-me-diasporen-shqiptare\/","url":"https:\/\/germin.org\/promovimi-i-shkembimit-profesional-me-diasporen-shqiptare\/","name":"Promovimi i Shk\u00ebmbimit Profesional me Diaspor\u00ebn Shqiptare - Germin","isPartOf":{"@id":"https:\/\/germin.org\/#website"},"primaryImageOfPage":{"@id":"https:\/\/germin.org\/promovimi-i-shkembimit-profesional-me-diasporen-shqiptare\/#primaryimage"},"image":{"@id":"https:\/\/germin.org\/promovimi-i-shkembimit-profesional-me-diasporen-shqiptare\/#primaryimage"},"thumbnailUrl":"https:\/\/germin.org\/wp-content\/uploads\/2018\/05\/Policy-Briefs-9.png","datePublished":"2018-05-17T11:21:05+00:00","breadcrumb":{"@id":"https:\/\/germin.org\/promovimi-i-shkembimit-profesional-me-diasporen-shqiptare\/#breadcrumb"},"inLanguage":"sq","potentialAction":[{"@type":"ReadAction","target":["https:\/\/germin.org\/promovimi-i-shkembimit-profesional-me-diasporen-shqiptare\/"]}]},{"@type":"ImageObject","inLanguage":"sq","@id":"https:\/\/germin.org\/promovimi-i-shkembimit-profesional-me-diasporen-shqiptare\/#primaryimage","url":"https:\/\/germin.org\/wp-content\/uploads\/2018\/05\/Policy-Briefs-9.png","contentUrl":"https:\/\/germin.org\/wp-content\/uploads\/2018\/05\/Policy-Briefs-9.png","width":900,"height":480},{"@type":"BreadcrumbList","@id":"https:\/\/germin.org\/promovimi-i-shkembimit-profesional-me-diasporen-shqiptare\/#breadcrumb","itemListElement":[{"@type":"ListItem","position":1,"name":"Home","item":"https:\/\/germin.org\/"},{"@type":"ListItem","position":2,"name":"Promovimi i Shk\u00ebmbimit Profesional me Diaspor\u00ebn Shqiptare"}]},{"@type":"WebSite","@id":"https:\/\/germin.org\/#website","url":"https:\/\/germin.org\/","name":"Germin","description":"Co-Creating the Future","publisher":{"@id":"https:\/\/germin.org\/#organization"},"potentialAction":[{"@type":"SearchAction","target":{"@type":"EntryPoint","urlTemplate":"https:\/\/germin.org\/?s={search_term_string}"},"query-input":{"@type":"PropertyValueSpecification","valueRequired":true,"valueName":"search_term_string"}}],"inLanguage":"sq"},{"@type":"Organization","@id":"https:\/\/germin.org\/#organization","name":"Germin","url":"https:\/\/germin.org\/","logo":{"@type":"ImageObject","inLanguage":"sq","@id":"https:\/\/germin.org\/#\/schema\/logo\/image\/","url":"https:\/\/germin.org\/wp-content\/uploads\/2025\/05\/Germin_Logo-1.svg","contentUrl":"https:\/\/germin.org\/wp-content\/uploads\/2025\/05\/Germin_Logo-1.svg","width":1282,"height":378,"caption":"Germin"},"image":{"@id":"https:\/\/germin.org\/#\/schema\/logo\/image\/"}},{"@type":"Person","@id":"https:\/\/germin.org\/#\/schema\/person\/e8d8cc608a68d517f9a0fee07ceecd36","name":"admin","image":{"@type":"ImageObject","inLanguage":"sq","@id":"https:\/\/secure.gravatar.com\/avatar\/7f2ea56e3c3d76eaa58c6b5bf4c22591cb49c03b8b6b3232a7ac93492efeff3a?s=96&d=mm&r=g","url":"https:\/\/secure.gravatar.com\/avatar\/7f2ea56e3c3d76eaa58c6b5bf4c22591cb49c03b8b6b3232a7ac93492efeff3a?s=96&d=mm&r=g","contentUrl":"https:\/\/secure.gravatar.com\/avatar\/7f2ea56e3c3d76eaa58c6b5bf4c22591cb49c03b8b6b3232a7ac93492efeff3a?s=96&d=mm&r=g","caption":"admin"},"sameAs":["https:\/\/germin.org"],"url":"https:\/\/germin.org\/sq\/author\/shpatferizi_kplna5o5\/"}]}},"_links":{"self":[{"href":"https:\/\/germin.org\/sq\/wp-json\/wp\/v2\/posts\/1943","targetHints":{"allow":["GET"]}}],"collection":[{"href":"https:\/\/germin.org\/sq\/wp-json\/wp\/v2\/posts"}],"about":[{"href":"https:\/\/germin.org\/sq\/wp-json\/wp\/v2\/types\/post"}],"author":[{"embeddable":true,"href":"https:\/\/germin.org\/sq\/wp-json\/wp\/v2\/users\/1"}],"replies":[{"embeddable":true,"href":"https:\/\/germin.org\/sq\/wp-json\/wp\/v2\/comments?post=1943"}],"version-history":[{"count":0,"href":"https:\/\/germin.org\/sq\/wp-json\/wp\/v2\/posts\/1943\/revisions"}],"wp:featuredmedia":[{"embeddable":true,"href":"https:\/\/germin.org\/sq\/wp-json\/wp\/v2\/media\/3974"}],"wp:attachment":[{"href":"https:\/\/germin.org\/sq\/wp-json\/wp\/v2\/media?parent=1943"}],"wp:term":[{"taxonomy":"category","embeddable":true,"href":"https:\/\/germin.org\/sq\/wp-json\/wp\/v2\/categories?post=1943"},{"taxonomy":"post_tag","embeddable":true,"href":"https:\/\/germin.org\/sq\/wp-json\/wp\/v2\/tags?post=1943"}],"curies":[{"name":"wp","href":"https:\/\/api.w.org\/{rel}","templated":true}]}}