{"id":2683,"date":"2019-06-06T12:33:41","date_gmt":"2019-06-06T12:33:41","guid":{"rendered":"https:\/\/germin.org\/?p=2683"},"modified":"2019-06-06T12:33:41","modified_gmt":"2019-06-06T12:33:41","slug":"ndertimi-i-urave-te-besimit-ne-berne","status":"publish","type":"post","link":"https:\/\/germin.org\/sq\/ndertimi-i-urave-te-besimit-ne-berne\/","title":{"rendered":"Nd\u00ebrtimi i urave t\u00eb besimit n\u00eb Bern\u00eb"},"content":{"rendered":"<p><span style=\"font-weight: 400;\">Germin n\u00eb korrik t\u00eb vitit 2017 organizoi Fokus Grupin me komunitetin shqiptar n\u00eb Bern\u00eb. Grupi i fokusit n\u00eb Bern\u00eb p\u00ebrb\u00ebhej nga 33 pjes\u00ebmarr\u00ebs. Qyteti i Bern u zgjodh p\u00ebr shkak se \u201cUnia\u201d, nj\u00eb sindikat\u00eb e pun\u00ebtor\u00ebve n\u00eb Zvic\u00ebr organizonte nj\u00eb konferenc\u00eb t\u00eb madhe dhe shum\u00eb nga t\u00eb pranishmit ishin shqiptar\u00eb, prandaj e p\u00ebrdor\u00ebm si nj\u00eb mund\u00ebsi t\u00eb mir\u00eb p\u00ebr t\u00eb d\u00ebgjuar p\u00ebr nevojat dhe interesat e tyre.<\/span><\/p>\n<p><span style=\"font-weight: 400;\">N\u00eb ve\u00e7anti ky raport nxjerr n\u00eb pah temat dhe rekomandimet kryesore t\u00eb grupit t\u00eb fokusit t\u00eb mbajtur n\u00eb Bern\u00eb. Duke u fokusuar n\u00eb rekomandime, ne nuk raportojm\u00eb vet\u00ebm n\u00eb shqet\u00ebsimet e an\u00ebtar\u00ebve t\u00eb diaspor\u00ebs por gjithashtu sigurojm\u00eb m\u00ebnyra p\u00ebr t\u00eb ecur p\u00ebrpara. M\u00eb e r\u00ebnd\u00ebsishmja, p\u00ebrmbledhja koncize e k\u00ebtyre rekomandimeve dhe sugjerimeve mund t\u00eb p\u00ebrdoret p\u00ebr t\u00eb informuar politikat dhe praktikat e ardhshme.<\/span><\/p>\n<p><iframe style=\"border: none;\" title=\"Bern\" src=\"https:\/\/e.infogram.com\/9ef2ea2e-33e9-4305-9cfe-901670325034?src=embed\" width=\"715\" height=\"1984\" frameborder=\"0\" scrolling=\"no\" allowfullscreen=\"allowfullscreen\"><\/iframe><\/p>","protected":false},"excerpt":{"rendered":"<p>Germin n\u00eb korrik t\u00eb vitit 2017 organizoi Fokus Grupin me komunitetin shqiptar n\u00eb Bern\u00eb. Grupi i fokusit n\u00eb Bern\u00eb p\u00ebrb\u00ebhej nga 33 pjes\u00ebmarr\u00ebs. Qyteti i Bern u zgjodh p\u00ebr shkak se \u201cUnia\u201d, nj\u00eb sindikat\u00eb e pun\u00ebtor\u00ebve n\u00eb Zvic\u00ebr organizonte nj\u00eb konferenc\u00eb t\u00eb madhe dhe shum\u00eb nga t\u00eb pranishmit ishin shqiptar\u00eb, prandaj e p\u00ebrdor\u00ebm si nj\u00eb [&hellip;]<\/p>\n","protected":false},"author":1,"featured_media":4242,"comment_status":"closed","ping_status":"closed","sticky":false,"template":"","format":"image","meta":{"_acf_changed":false,"footnotes":""},"categories":[46],"tags":[],"class_list":["post-2683","post","type-post","status-publish","format-image","has-post-thumbnail","hentry","category-infographics-en","post_format-post-format-image"],"acf":[],"yoast_head":"<!-- This site is optimized with the Yoast SEO plugin v27.4 - https:\/\/yoast.com\/product\/yoast-seo-wordpress\/ -->\n<title>Nd\u00ebrtimi i urave t\u00eb besimit n\u00eb Bern\u00eb - Germin<\/title>\n<meta name=\"robots\" content=\"index, follow, max-snippet:-1, max-image-preview:large, max-video-preview:-1\" \/>\n<link rel=\"canonical\" href=\"https:\/\/germin.org\/sq\/ndertimi-i-urave-te-besimit-ne-berne\/\" \/>\n<meta property=\"og:locale\" content=\"sq_AL\" \/>\n<meta property=\"og:type\" content=\"article\" \/>\n<meta property=\"og:title\" content=\"Nd\u00ebrtimi i urave t\u00eb besimit n\u00eb Bern\u00eb - Germin\" \/>\n<meta property=\"og:description\" content=\"Germin n\u00eb korrik t\u00eb vitit 2017 organizoi Fokus Grupin me komunitetin shqiptar n\u00eb Bern\u00eb. Grupi i fokusit n\u00eb Bern\u00eb p\u00ebrb\u00ebhej nga 33 pjes\u00ebmarr\u00ebs. Qyteti i Bern u zgjodh p\u00ebr shkak se \u201cUnia\u201d, nj\u00eb sindikat\u00eb e pun\u00ebtor\u00ebve n\u00eb Zvic\u00ebr organizonte nj\u00eb konferenc\u00eb t\u00eb madhe dhe shum\u00eb nga t\u00eb pranishmit ishin shqiptar\u00eb, prandaj e p\u00ebrdor\u00ebm si nj\u00eb [&hellip;]\" \/>\n<meta property=\"og:url\" content=\"https:\/\/germin.org\/sq\/ndertimi-i-urave-te-besimit-ne-berne\/\" \/>\n<meta property=\"og:site_name\" content=\"Germin\" \/>\n<meta property=\"article:published_time\" content=\"2019-06-06T12:33:41+00:00\" \/>\n<meta name=\"author\" content=\"admin\" \/>\n<meta name=\"twitter:card\" content=\"summary_large_image\" \/>\n<meta name=\"twitter:label1\" content=\"Written by\" \/>\n\t<meta name=\"twitter:data1\" content=\"admin\" \/>\n\t<meta name=\"twitter:label2\" content=\"Est. reading time\" \/>\n\t<meta name=\"twitter:data2\" content=\"1 minute\" \/>\n<script type=\"application\/ld+json\" class=\"yoast-schema-graph\">{\"@context\":\"https:\\\/\\\/schema.org\",\"@graph\":[{\"@type\":\"Article\",\"@id\":\"https:\\\/\\\/germin.org\\\/ndertimi-i-urave-te-besimit-ne-berne\\\/#article\",\"isPartOf\":{\"@id\":\"https:\\\/\\\/germin.org\\\/ndertimi-i-urave-te-besimit-ne-berne\\\/\"},\"author\":{\"name\":\"admin\",\"@id\":\"https:\\\/\\\/germin.org\\\/#\\\/schema\\\/person\\\/e8d8cc608a68d517f9a0fee07ceecd36\"},\"headline\":\"Nd\u00ebrtimi i urave t\u00eb besimit n\u00eb Bern\u00eb\",\"datePublished\":\"2019-06-06T12:33:41+00:00\",\"mainEntityOfPage\":{\"@id\":\"https:\\\/\\\/germin.org\\\/ndertimi-i-urave-te-besimit-ne-berne\\\/\"},\"wordCount\":165,\"publisher\":{\"@id\":\"https:\\\/\\\/germin.org\\\/#organization\"},\"image\":{\"@id\":\"https:\\\/\\\/germin.org\\\/ndertimi-i-urave-te-besimit-ne-berne\\\/#primaryimage\"},\"thumbnailUrl\":\"https:\\\/\\\/germin.org\\\/wp-content\\\/uploads\\\/2019\\\/06\\\/infographic.jpg\",\"articleSection\":[\"Infographics\"],\"inLanguage\":\"sq\"},{\"@type\":\"WebPage\",\"@id\":\"https:\\\/\\\/germin.org\\\/ndertimi-i-urave-te-besimit-ne-berne\\\/\",\"url\":\"https:\\\/\\\/germin.org\\\/ndertimi-i-urave-te-besimit-ne-berne\\\/\",\"name\":\"Nd\u00ebrtimi i urave t\u00eb besimit n\u00eb Bern\u00eb - Germin\",\"isPartOf\":{\"@id\":\"https:\\\/\\\/germin.org\\\/#website\"},\"primaryImageOfPage\":{\"@id\":\"https:\\\/\\\/germin.org\\\/ndertimi-i-urave-te-besimit-ne-berne\\\/#primaryimage\"},\"image\":{\"@id\":\"https:\\\/\\\/germin.org\\\/ndertimi-i-urave-te-besimit-ne-berne\\\/#primaryimage\"},\"thumbnailUrl\":\"https:\\\/\\\/germin.org\\\/wp-content\\\/uploads\\\/2019\\\/06\\\/infographic.jpg\",\"datePublished\":\"2019-06-06T12:33:41+00:00\",\"breadcrumb\":{\"@id\":\"https:\\\/\\\/germin.org\\\/ndertimi-i-urave-te-besimit-ne-berne\\\/#breadcrumb\"},\"inLanguage\":\"sq\",\"potentialAction\":[{\"@type\":\"ReadAction\",\"target\":[\"https:\\\/\\\/germin.org\\\/ndertimi-i-urave-te-besimit-ne-berne\\\/\"]}]},{\"@type\":\"ImageObject\",\"inLanguage\":\"sq\",\"@id\":\"https:\\\/\\\/germin.org\\\/ndertimi-i-urave-te-besimit-ne-berne\\\/#primaryimage\",\"url\":\"https:\\\/\\\/germin.org\\\/wp-content\\\/uploads\\\/2019\\\/06\\\/infographic.jpg\",\"contentUrl\":\"https:\\\/\\\/germin.org\\\/wp-content\\\/uploads\\\/2019\\\/06\\\/infographic.jpg\",\"width\":715,\"height\":1984},{\"@type\":\"BreadcrumbList\",\"@id\":\"https:\\\/\\\/germin.org\\\/ndertimi-i-urave-te-besimit-ne-berne\\\/#breadcrumb\",\"itemListElement\":[{\"@type\":\"ListItem\",\"position\":1,\"name\":\"Home\",\"item\":\"https:\\\/\\\/germin.org\\\/\"},{\"@type\":\"ListItem\",\"position\":2,\"name\":\"Nd\u00ebrtimi i urave t\u00eb besimit n\u00eb Bern\u00eb\"}]},{\"@type\":\"WebSite\",\"@id\":\"https:\\\/\\\/germin.org\\\/#website\",\"url\":\"https:\\\/\\\/germin.org\\\/\",\"name\":\"Germin\",\"description\":\"Co-Creating the Future\",\"publisher\":{\"@id\":\"https:\\\/\\\/germin.org\\\/#organization\"},\"potentialAction\":[{\"@type\":\"SearchAction\",\"target\":{\"@type\":\"EntryPoint\",\"urlTemplate\":\"https:\\\/\\\/germin.org\\\/?s={search_term_string}\"},\"query-input\":{\"@type\":\"PropertyValueSpecification\",\"valueRequired\":true,\"valueName\":\"search_term_string\"}}],\"inLanguage\":\"sq\"},{\"@type\":\"Organization\",\"@id\":\"https:\\\/\\\/germin.org\\\/#organization\",\"name\":\"Germin\",\"url\":\"https:\\\/\\\/germin.org\\\/\",\"logo\":{\"@type\":\"ImageObject\",\"inLanguage\":\"sq\",\"@id\":\"https:\\\/\\\/germin.org\\\/#\\\/schema\\\/logo\\\/image\\\/\",\"url\":\"https:\\\/\\\/germin.org\\\/wp-content\\\/uploads\\\/2025\\\/05\\\/Germin_Logo-1.svg\",\"contentUrl\":\"https:\\\/\\\/germin.org\\\/wp-content\\\/uploads\\\/2025\\\/05\\\/Germin_Logo-1.svg\",\"width\":1282,\"height\":378,\"caption\":\"Germin\"},\"image\":{\"@id\":\"https:\\\/\\\/germin.org\\\/#\\\/schema\\\/logo\\\/image\\\/\"}},{\"@type\":\"Person\",\"@id\":\"https:\\\/\\\/germin.org\\\/#\\\/schema\\\/person\\\/e8d8cc608a68d517f9a0fee07ceecd36\",\"name\":\"admin\",\"image\":{\"@type\":\"ImageObject\",\"inLanguage\":\"sq\",\"@id\":\"https:\\\/\\\/secure.gravatar.com\\\/avatar\\\/7f2ea56e3c3d76eaa58c6b5bf4c22591cb49c03b8b6b3232a7ac93492efeff3a?s=96&d=mm&r=g\",\"url\":\"https:\\\/\\\/secure.gravatar.com\\\/avatar\\\/7f2ea56e3c3d76eaa58c6b5bf4c22591cb49c03b8b6b3232a7ac93492efeff3a?s=96&d=mm&r=g\",\"contentUrl\":\"https:\\\/\\\/secure.gravatar.com\\\/avatar\\\/7f2ea56e3c3d76eaa58c6b5bf4c22591cb49c03b8b6b3232a7ac93492efeff3a?s=96&d=mm&r=g\",\"caption\":\"admin\"},\"sameAs\":[\"https:\\\/\\\/germin.org\"],\"url\":\"https:\\\/\\\/germin.org\\\/sq\\\/author\\\/shpatferizi_kplna5o5\\\/\"}]}<\/script>\n<!-- \/ Yoast SEO plugin. -->","yoast_head_json":{"title":"Nd\u00ebrtimi i urave t\u00eb besimit n\u00eb Bern\u00eb - Germin","robots":{"index":"index","follow":"follow","max-snippet":"max-snippet:-1","max-image-preview":"max-image-preview:large","max-video-preview":"max-video-preview:-1"},"canonical":"https:\/\/germin.org\/sq\/ndertimi-i-urave-te-besimit-ne-berne\/","og_locale":"sq_AL","og_type":"article","og_title":"Nd\u00ebrtimi i urave t\u00eb besimit n\u00eb Bern\u00eb - Germin","og_description":"Germin n\u00eb korrik t\u00eb vitit 2017 organizoi Fokus Grupin me komunitetin shqiptar n\u00eb Bern\u00eb. Grupi i fokusit n\u00eb Bern\u00eb p\u00ebrb\u00ebhej nga 33 pjes\u00ebmarr\u00ebs. Qyteti i Bern u zgjodh p\u00ebr shkak se \u201cUnia\u201d, nj\u00eb sindikat\u00eb e pun\u00ebtor\u00ebve n\u00eb Zvic\u00ebr organizonte nj\u00eb konferenc\u00eb t\u00eb madhe dhe shum\u00eb nga t\u00eb pranishmit ishin shqiptar\u00eb, prandaj e p\u00ebrdor\u00ebm si nj\u00eb [&hellip;]","og_url":"https:\/\/germin.org\/sq\/ndertimi-i-urave-te-besimit-ne-berne\/","og_site_name":"Germin","article_published_time":"2019-06-06T12:33:41+00:00","author":"admin","twitter_card":"summary_large_image","twitter_misc":{"Written by":"admin","Est. reading time":"1 minute"},"schema":{"@context":"https:\/\/schema.org","@graph":[{"@type":"Article","@id":"https:\/\/germin.org\/ndertimi-i-urave-te-besimit-ne-berne\/#article","isPartOf":{"@id":"https:\/\/germin.org\/ndertimi-i-urave-te-besimit-ne-berne\/"},"author":{"name":"admin","@id":"https:\/\/germin.org\/#\/schema\/person\/e8d8cc608a68d517f9a0fee07ceecd36"},"headline":"Nd\u00ebrtimi i urave t\u00eb besimit n\u00eb Bern\u00eb","datePublished":"2019-06-06T12:33:41+00:00","mainEntityOfPage":{"@id":"https:\/\/germin.org\/ndertimi-i-urave-te-besimit-ne-berne\/"},"wordCount":165,"publisher":{"@id":"https:\/\/germin.org\/#organization"},"image":{"@id":"https:\/\/germin.org\/ndertimi-i-urave-te-besimit-ne-berne\/#primaryimage"},"thumbnailUrl":"https:\/\/germin.org\/wp-content\/uploads\/2019\/06\/infographic.jpg","articleSection":["Infographics"],"inLanguage":"sq"},{"@type":"WebPage","@id":"https:\/\/germin.org\/ndertimi-i-urave-te-besimit-ne-berne\/","url":"https:\/\/germin.org\/ndertimi-i-urave-te-besimit-ne-berne\/","name":"Nd\u00ebrtimi i urave t\u00eb besimit n\u00eb Bern\u00eb - Germin","isPartOf":{"@id":"https:\/\/germin.org\/#website"},"primaryImageOfPage":{"@id":"https:\/\/germin.org\/ndertimi-i-urave-te-besimit-ne-berne\/#primaryimage"},"image":{"@id":"https:\/\/germin.org\/ndertimi-i-urave-te-besimit-ne-berne\/#primaryimage"},"thumbnailUrl":"https:\/\/germin.org\/wp-content\/uploads\/2019\/06\/infographic.jpg","datePublished":"2019-06-06T12:33:41+00:00","breadcrumb":{"@id":"https:\/\/germin.org\/ndertimi-i-urave-te-besimit-ne-berne\/#breadcrumb"},"inLanguage":"sq","potentialAction":[{"@type":"ReadAction","target":["https:\/\/germin.org\/ndertimi-i-urave-te-besimit-ne-berne\/"]}]},{"@type":"ImageObject","inLanguage":"sq","@id":"https:\/\/germin.org\/ndertimi-i-urave-te-besimit-ne-berne\/#primaryimage","url":"https:\/\/germin.org\/wp-content\/uploads\/2019\/06\/infographic.jpg","contentUrl":"https:\/\/germin.org\/wp-content\/uploads\/2019\/06\/infographic.jpg","width":715,"height":1984},{"@type":"BreadcrumbList","@id":"https:\/\/germin.org\/ndertimi-i-urave-te-besimit-ne-berne\/#breadcrumb","itemListElement":[{"@type":"ListItem","position":1,"name":"Home","item":"https:\/\/germin.org\/"},{"@type":"ListItem","position":2,"name":"Nd\u00ebrtimi i urave t\u00eb besimit n\u00eb Bern\u00eb"}]},{"@type":"WebSite","@id":"https:\/\/germin.org\/#website","url":"https:\/\/germin.org\/","name":"Germin","description":"Co-Creating the Future","publisher":{"@id":"https:\/\/germin.org\/#organization"},"potentialAction":[{"@type":"SearchAction","target":{"@type":"EntryPoint","urlTemplate":"https:\/\/germin.org\/?s={search_term_string}"},"query-input":{"@type":"PropertyValueSpecification","valueRequired":true,"valueName":"search_term_string"}}],"inLanguage":"sq"},{"@type":"Organization","@id":"https:\/\/germin.org\/#organization","name":"Germin","url":"https:\/\/germin.org\/","logo":{"@type":"ImageObject","inLanguage":"sq","@id":"https:\/\/germin.org\/#\/schema\/logo\/image\/","url":"https:\/\/germin.org\/wp-content\/uploads\/2025\/05\/Germin_Logo-1.svg","contentUrl":"https:\/\/germin.org\/wp-content\/uploads\/2025\/05\/Germin_Logo-1.svg","width":1282,"height":378,"caption":"Germin"},"image":{"@id":"https:\/\/germin.org\/#\/schema\/logo\/image\/"}},{"@type":"Person","@id":"https:\/\/germin.org\/#\/schema\/person\/e8d8cc608a68d517f9a0fee07ceecd36","name":"admin","image":{"@type":"ImageObject","inLanguage":"sq","@id":"https:\/\/secure.gravatar.com\/avatar\/7f2ea56e3c3d76eaa58c6b5bf4c22591cb49c03b8b6b3232a7ac93492efeff3a?s=96&d=mm&r=g","url":"https:\/\/secure.gravatar.com\/avatar\/7f2ea56e3c3d76eaa58c6b5bf4c22591cb49c03b8b6b3232a7ac93492efeff3a?s=96&d=mm&r=g","contentUrl":"https:\/\/secure.gravatar.com\/avatar\/7f2ea56e3c3d76eaa58c6b5bf4c22591cb49c03b8b6b3232a7ac93492efeff3a?s=96&d=mm&r=g","caption":"admin"},"sameAs":["https:\/\/germin.org"],"url":"https:\/\/germin.org\/sq\/author\/shpatferizi_kplna5o5\/"}]}},"_links":{"self":[{"href":"https:\/\/germin.org\/sq\/wp-json\/wp\/v2\/posts\/2683","targetHints":{"allow":["GET"]}}],"collection":[{"href":"https:\/\/germin.org\/sq\/wp-json\/wp\/v2\/posts"}],"about":[{"href":"https:\/\/germin.org\/sq\/wp-json\/wp\/v2\/types\/post"}],"author":[{"embeddable":true,"href":"https:\/\/germin.org\/sq\/wp-json\/wp\/v2\/users\/1"}],"replies":[{"embeddable":true,"href":"https:\/\/germin.org\/sq\/wp-json\/wp\/v2\/comments?post=2683"}],"version-history":[{"count":0,"href":"https:\/\/germin.org\/sq\/wp-json\/wp\/v2\/posts\/2683\/revisions"}],"wp:featuredmedia":[{"embeddable":true,"href":"https:\/\/germin.org\/sq\/wp-json\/wp\/v2\/media\/4242"}],"wp:attachment":[{"href":"https:\/\/germin.org\/sq\/wp-json\/wp\/v2\/media?parent=2683"}],"wp:term":[{"taxonomy":"category","embeddable":true,"href":"https:\/\/germin.org\/sq\/wp-json\/wp\/v2\/categories?post=2683"},{"taxonomy":"post_tag","embeddable":true,"href":"https:\/\/germin.org\/sq\/wp-json\/wp\/v2\/tags?post=2683"}],"curies":[{"name":"wp","href":"https:\/\/api.w.org\/{rel}","templated":true}]}}