{"id":4768,"date":"2020-08-06T22:25:02","date_gmt":"2020-08-06T22:25:02","guid":{"rendered":"https:\/\/germin.org\/?p=4768"},"modified":"2020-08-06T22:25:02","modified_gmt":"2020-08-06T22:25:02","slug":"angazhimi-i-profesionisteve-nga-diaspora-ne-vendet-ame-takim-me-komunitetin-shqiptar-ne-rajonin-e-hamburgut-ne-gjermani","status":"publish","type":"post","link":"https:\/\/germin.org\/sq\/angazhimi-i-profesionisteve-nga-diaspora-ne-vendet-ame-takim-me-komunitetin-shqiptar-ne-rajonin-e-hamburgut-ne-gjermani\/","title":{"rendered":"Angazhimi i Profesionist\u00ebve nga Diaspora n\u00eb vendet am\u00eb: Takim me komunitetin shqiptar n\u00eb rajonin e Hamburgut n\u00eb Gjermani"},"content":{"rendered":"<p>N\u00eb takimin virtual t\u00eb mbajtur me dat\u00ebn 05 gusht 2020, \u201cDiaspora Flet n\u2019Hamburg\u201d mor\u00ebn pjes\u00eb 21 bashk\u00ebatdhetar\u00eb t\u00eb cil\u00ebt jetojn\u00eb dhe veprojn\u00eb n\u00eb Hamburg, Gjermani dhe n\u00eb qytetet p\u00ebrreth. Takimi filloi me njoftimin e pjes\u00ebmarr\u00ebsve dhe prezantimet individuale.<\/p>\n<p>Diskutimi u hap me nj\u00eb prezantim t\u00eb shkurt\u00ebr t\u00eb kryetarit t\u00eb shoqat\u00ebs ODA n\u00eb Hamburg, z. Muhamet Idrizi, i cili n\u00eb pika t\u00eb shkurtra shpjegoi se si \u00ebsht\u00eb themeluar kjo organizat\u00eb, duke theksuar programet e saj kryesore si\u00e7 jan\u00eb: Edukimi, Ndihma p\u00ebr Rinin\u00eb, Bashk\u00ebpunimi Nd\u00ebrmjet Popujve. Gjithashtu, ai potencoi bashk\u00ebpunimin dhe njoftimin me organizat\u00ebn GERMIN, duke shprehur k\u00ebnaq\u00ebsin\u00eb me mund\u00ebsit\u00eb dhe meritat q\u00eb ka GERMIN p\u00ebr lidhjen e Diaspor\u00ebs me vendin am\u00eb. Muhameti ndau p\u00ebrvoj\u00ebn e tij p\u00ebr angazhimin si profesionist nga diaspora n\u00eb Kosov\u00eb, duke shprehur gatishm\u00ebrin\u00eb e tij p\u00ebr angazhim n\u00eb MPJD.<\/p>\n<p>Znj. Suela Kalia p\u00ebrfaq\u00ebsuese e GIZ p\u00ebr Shqip\u00ebri b\u00ebri prezantimin e programit Migrimi dhe Diaspora \u201cSi mund t\u00eb kontribuoj Diaspora shqip-fol\u00ebse n\u00eb vendlindjen e saj\u201d, si dhe q\u00ebllimin e programit t\u00eb GIZ dhe CIM. Ajo foli p\u00ebr kthimin afatshkurt\u00ebr, dhe kriteret p\u00ebr t\u00eb marr\u00eb pjes\u00eb, ku grupi i synuar jan\u00eb antar\u00ebt e diaspor\u00ebs shqiptare q\u00eb kan\u00eb vullnet p\u00ebr t\u00eb kontribuar n\u00eb vendin e origjin\u00ebs. Kjo \u00ebsht\u00eb e mundur p\u00ebr ata q\u00eb kan\u00eb studiuar apo kan\u00eb punuar n\u00eb Gjermani p\u00ebr s\u00eb paku 2 vite, dhe kthehen p\u00ebr t\u00eb kontribuar n\u00eb vendin e origjin\u00ebs me njohurit\u00eb dhe p\u00ebrvoj\u00ebn e fituar atje.<\/p>\n<p>Znj. Sihana Bejtullahu, Bashk\u00eb-Drejtoresh\u00eb Ekzekutive n\u00eb Germin prezantoj Organizat\u00ebn GERMIN p\u00ebr pjes\u00ebmarr\u00ebsit e rinj. Ajo njoftoi ata se konferenca \u201cDiaspora Flet\u201d k\u00ebt\u00eb vit do t\u00eb mbahet online n\u00eb muajin n\u00ebntor 2020. Po ashtu ftoipjes\u00ebmarr\u00ebsitp\u00ebr bashk\u00ebpunim n\u00ebse kan\u00eb ndonj\u00eb ide t\u00eb cil\u00ebn mund ta realizojm\u00eb s\u00eb bashku,uke shpalosur k\u00ebshtu edhe mund\u00ebsit\u00eb q\u00eb ofron projekti i Germin q\u00eb ka p\u00ebr q\u00ebllim t\u00eb lidh\u00eb nevojat e institucioneve me ekspert\u00ebt (profesionist\u00ebt) nga diaspora<\/p>\n<p>Z. Xhelal Derguti p\u00ebrfaq\u00ebsues i GIZ p\u00ebr Kosov\u00eb pas prezantimit nga znj. Suela Kalia dhe Germinit, ka shtjelluar m\u00eb tej bashkpunimin me organizat\u00ebn Germin p\u00ebr sjelljen e profesionist\u00ebve nga diaspora n\u00eb Kosov\u00eb dhe n\u00eb Shqip\u00ebri. Ai ka theksuar se pandemia e ka penguar realizimin e projektit kur ishte n\u00eb intensitetin e tij m\u00eb t\u00eb madh. Mir\u00ebpo, me zbutjen e masave lidhur me pandemin\u00eb, pret q\u00eb t\u00eb realizohet angazhimi i profesionist\u00ebve nga diaspora n\u00eb vendet e origjin\u00ebs, duke ftuar edhe emra t\u00eb rinj t\u00eb b\u00ebhen pjes\u00eb e tij. P\u00ebr ekspert\u00ebt e diaspor\u00ebs pritjet jan\u00eb m\u00eb t\u00eb m\u00ebdha, dhe p\u00ebrvoja e pun\u00ebs e kontrollohet nga CIM, dhe procedurat n\u00eb k\u00ebt\u00eb drejtim jan\u00eb strikte. M\u00eb tej ai ka shtuar se nuk ka p\u00ebrjashtime sa i p\u00ebrket sektor\u00ebve t\u00eb ekspertiz\u00ebs (p.sh. n\u00ebse dikush punon si automekanik, n\u00eb nd\u00ebrtimtari, apo \u00ebsht\u00eb mjesht\u00ebr i uj\u00ebsjell\u00ebsit). Ai ka treguar se q\u00ebllimi i programit nuk \u00ebsht\u00eb q\u00eb t\u00eb punoni pa nd\u00ebrprer\u00eb n\u00eb m\u00ebnyr\u00eb vullnetare, por edhe q\u00eb t\u2019i krijoni apo rikrijoni lidhjet me vendin e origjin\u00ebs. I pyetur rreth mund\u00ebsis\u00eb p\u00ebr pun\u00eb praktike n\u00eb vendin e origjin\u00ebs, ai tregon se praktika ka d\u00ebshtuar p\u00ebr shkak t\u00eb pandemis\u00eb, ku ishte e parapar\u00eb q\u00eb t\u2019u mund\u00ebsohej student\u00ebve n\u00eb diaspor\u00eb q\u00eb t\u00eb angazhohen n\u00eb vendet e origjin\u00ebs n\u00eb institucionet apo n\u00eb organizatat p\u00ebr nj\u00eb periudh\u00eb nga 3-6 muaj. Gjithashtu u ka b\u00ebr\u00eb thirrje t\u00eb interesuarve p\u00ebr t\u2019u angazhuar n\u00eb vendin e origjin\u00ebs q\u00eb t\u00eb informohen me koh\u00eb, sepse \u00e7\u00ebshtjet burokratike marrin koh\u00eb, dhe nuk \u00ebsht\u00eb nj\u00eb mendim q\u00eb mund t\u00eb merret shpejt\u00eb, por duhet t\u00eb mendohet m\u00eb heret.<\/p>\n<p>Znj. Fjolla Duraku u shpreh e k\u00ebnaqur q\u00eb mund t\u00eb vijn\u00eb edhe emrat e rinj\u00eb dhe ka qen\u00eb e interesuar t\u00eb dij\u00eb m\u00eb shum\u00eb rreth programit. Ajo shprehet e indunjuar me moszhvillimin e institucioneve komunale n\u00eb aspektin teknologjik, ku ka hasur n\u00eb probleme n\u00eb marrjen e dokumenteve. Gjithashtu shton q\u00eb ata q\u00eb kan\u00eb studiuar n\u00eb Kosov\u00eb dhe kan\u00eb kaluar n\u00eb Gjermani, kan\u00eb p\u00ebrpar\u00ebsi n\u00eb aspektin e gjuh\u00ebs, dhe do t\u00eb isht\u00eb mir\u00eb q\u00eb t\u00eb ket\u00eb m\u00eb shum\u00eb takime virtuale n\u00eb m\u00ebnyr\u00eb q\u00eb t\u00eb p\u00ebrmirsohen n\u00eb aspektin gjuh\u00ebsor\u00eb ata t\u00eb cil\u00ebt kan\u00eb pengesa.<\/p>\n<p>Znj. Donika Mehmeti ka folur rreth p\u00ebrvoj\u00ebs pas p\u00ebrfundimit t\u00eb studimeve juridike, ku u mund\u00ebsohet vizita n\u00eb gjyqe, avokatur\u00eb, dhe se p\u00ebrfundimi i provimit t\u00eb jurispudenc\u00ebs t\u00eb njihet si p\u00ebrvoj\u00eb pune. Ajo ka treguar p\u00ebr eksperienc\u00ebn 3 mujore n\u00eb Kosov\u00eb dhe takimin me avokat, gjykat\u00ebs, p\u00ebr \u00e7\u00ebshtje rreth zbatimit t\u00eb ligjeve gj\u00eb e cila e ka ndihmuar lidhur me profesionalizimin e saj. Ajo ka k\u00ebrkuar krijimin e rrjetit t\u00eb profesionist\u00ebve t\u00eb rinj\u00eb, p\u00ebr organizimin e ndonj\u00eb takimi qoft\u00eb edhe n\u00eb m\u00ebnyr\u00eb virtuale, dhe ka k\u00ebrkuar q\u00eb rrjeti i profesionist\u00ebve t\u00eb jet\u00eb n\u00eb lidhje me fush\u00ebn p\u00ebrkat\u00ebse, p.sh profesionist\u00ebt jurist\u00eb nga Gjermania t\u00eb shk\u00ebmbejn\u00eb p\u00ebrvojat me profesionist\u00ebt jurist nga Kosova. Gjithashtu ka shprehur interesim p\u00ebr tu angazhuar n\u00eb t\u00eb ardhmen.<\/p>\n<p>Z. Lulzim Veliu si nj\u00eb ish- i angazhuar n\u00eb programin EDP ka treguar p\u00ebr projektin n\u00eb bashkpunim me programin e GIZ n\u00eb shkoll\u00ebn profesionale Gjin Gazulli, ku kan\u00eb trajnuar disa prej nx\u00ebn\u00ebsve dhe 2 m\u00ebsimdh\u00ebn\u00ebs, e poashtu edhe n\u00eb Universitetin Polis t\u00eb Tiran\u00ebs, dhe p\u00ebr trajnimin n\u00eb qendr\u00ebn e kompetenc\u00ebs n\u00eb Skenderaj. Ai treguar se si ka arritur q\u00eb t\u00eb b\u00ebj\u00eb ndryshimin e kurrikul\u00ebs m\u00ebsimore. E po ashtu q\u00eb nga tetori do ta b\u00ebjn\u00eb nj\u00eb projekt me nj\u00eb organizat\u00eb jo-qeveritare n\u00eb Prishtin\u00eb si ICK, me ekspert\u00eb t\u00eb diaspor\u00ebs dhe me financimin p\u00ebrmes Ministris\u00eb s\u00eb Arsimit.<\/p>\n<p>Krejt n\u00eb p\u00ebrfundim t\u00eb takimit z. Lirim Krasniqi, Bashk-Drejtor Ekzekutiv n\u00eb GERMIN shton se potenciali profesional q\u00eb mungon n\u00eb Kosov\u00eb dhe Shqip\u00ebri mund t\u00eb gjendet tek diaspora edhe n\u00eb baz\u00eb t\u00eb hulumtimit t\u00eb fundit q\u00eb ka b\u00ebr\u00eb Germin. Angazhimi n\u00eb vendin e origjin\u00ebs nuk duhet t\u00eb shihet m\u00eb si pun\u00eb vullnetare, mir\u00ebpo si pun\u00eb profesionale, dhe profesionisti nga diaspora duhet t\u00eb trajtohet si ekspert i nj\u00eb fushe t\u00eb caktuar i cili bashk\u00eb me njohurit\u00eb, lidhet m\u00eb tej me vendin e origjin\u00ebs. N\u00eb k\u00ebt\u00eb drejtim ai shtoi se profesionist\u00ebt nga diaspora nuk duhet t\u00eb ndihen keq n\u00ebse k\u00ebrkojn\u00eb kompensim p\u00ebr pun\u00ebn t\u00eb cil\u00ebn e b\u00ebjn\u00eb, sepse vet\u00eb angazhimi i tyre profesional \u00ebsht\u00eb kontribut p\u00ebr vendin am\u00eb.<\/p>\n<p><img fetchpriority=\"high\" decoding=\"async\" class=\"alignnone size-full wp-image-4771\" src=\"https:\/\/germin.org\/wp-content\/uploads\/2020\/08\/Screenshot_3-scaled-1.jpg\" alt=\"\" width=\"860\" height=\"2560\" srcset=\"https:\/\/germin.org\/wp-content\/uploads\/2020\/08\/Screenshot_3-scaled-1.jpg 860w, https:\/\/germin.org\/wp-content\/uploads\/2020\/08\/Screenshot_3-scaled-1-101x300.jpg 101w, https:\/\/germin.org\/wp-content\/uploads\/2020\/08\/Screenshot_3-scaled-1-344x1024.jpg 344w, https:\/\/germin.org\/wp-content\/uploads\/2020\/08\/Screenshot_3-scaled-1-768x2286.jpg 768w, https:\/\/germin.org\/wp-content\/uploads\/2020\/08\/Screenshot_3-scaled-1-516x1536.jpg 516w, https:\/\/germin.org\/wp-content\/uploads\/2020\/08\/Screenshot_3-scaled-1-688x2048.jpg 688w\" sizes=\"(max-width: 860px) 100vw, 860px\" \/><\/p>","protected":false},"excerpt":{"rendered":"<p>N\u00eb takimin virtual t\u00eb mbajtur me dat\u00ebn 05 gusht 2020, \u201cDiaspora Flet n\u2019Hamburg\u201d mor\u00ebn pjes\u00eb 21 bashk\u00ebatdhetar\u00eb t\u00eb cil\u00ebt jetojn\u00eb dhe veprojn\u00eb n\u00eb Hamburg, Gjermani dhe n\u00eb qytetet p\u00ebrreth. Takimi filloi me njoftimin e pjes\u00ebmarr\u00ebsve dhe prezantimet individuale. Diskutimi u hap me nj\u00eb prezantim t\u00eb shkurt\u00ebr t\u00eb kryetarit t\u00eb shoqat\u00ebs ODA n\u00eb Hamburg, z. Muhamet [&hellip;]<\/p>\n","protected":false},"author":1,"featured_media":4776,"comment_status":"open","ping_status":"open","sticky":false,"template":"","format":"standard","meta":{"_acf_changed":false,"footnotes":""},"categories":[46],"tags":[],"class_list":["post-4768","post","type-post","status-publish","format-standard","has-post-thumbnail","hentry","category-infographics-en"],"acf":[],"yoast_head":"<!-- This site is optimized with the Yoast SEO plugin v27.4 - https:\/\/yoast.com\/product\/yoast-seo-wordpress\/ -->\n<title>Angazhimi i Profesionist\u00ebve nga Diaspora n\u00eb vendet am\u00eb: Takim me komunitetin shqiptar n\u00eb rajonin e Hamburgut n\u00eb Gjermani - Germin<\/title>\n<meta name=\"robots\" content=\"index, follow, max-snippet:-1, max-image-preview:large, max-video-preview:-1\" \/>\n<link rel=\"canonical\" href=\"https:\/\/germin.org\/sq\/angazhimi-i-profesionisteve-nga-diaspora-ne-vendet-ame-takim-me-komunitetin-shqiptar-ne-rajonin-e-hamburgut-ne-gjermani\/\" \/>\n<meta property=\"og:locale\" content=\"sq_AL\" \/>\n<meta property=\"og:type\" content=\"article\" \/>\n<meta property=\"og:title\" content=\"Angazhimi i Profesionist\u00ebve nga Diaspora n\u00eb vendet am\u00eb: Takim me komunitetin shqiptar n\u00eb rajonin e Hamburgut n\u00eb Gjermani - Germin\" \/>\n<meta property=\"og:description\" content=\"N\u00eb takimin virtual t\u00eb mbajtur me dat\u00ebn 05 gusht 2020, \u201cDiaspora Flet n\u2019Hamburg\u201d mor\u00ebn pjes\u00eb 21 bashk\u00ebatdhetar\u00eb t\u00eb cil\u00ebt jetojn\u00eb dhe veprojn\u00eb n\u00eb Hamburg, Gjermani dhe n\u00eb qytetet p\u00ebrreth. Takimi filloi me njoftimin e pjes\u00ebmarr\u00ebsve dhe prezantimet individuale. Diskutimi u hap me nj\u00eb prezantim t\u00eb shkurt\u00ebr t\u00eb kryetarit t\u00eb shoqat\u00ebs ODA n\u00eb Hamburg, z. Muhamet [&hellip;]\" \/>\n<meta property=\"og:url\" content=\"https:\/\/germin.org\/sq\/angazhimi-i-profesionisteve-nga-diaspora-ne-vendet-ame-takim-me-komunitetin-shqiptar-ne-rajonin-e-hamburgut-ne-gjermani\/\" \/>\n<meta property=\"og:site_name\" content=\"Germin\" \/>\n<meta property=\"article:published_time\" content=\"2020-08-06T22:25:02+00:00\" \/>\n<meta property=\"og:image\" content=\"https:\/\/germin.org\/wp-content\/uploads\/2020\/08\/Screenshot_3-Copyaaa.jpg\" \/>\n\t<meta property=\"og:image:width\" content=\"945\" \/>\n\t<meta property=\"og:image:height\" content=\"511\" \/>\n\t<meta property=\"og:image:type\" content=\"image\/jpeg\" \/>\n<meta name=\"author\" content=\"admin\" \/>\n<meta name=\"twitter:card\" content=\"summary_large_image\" \/>\n<meta name=\"twitter:label1\" content=\"Written by\" \/>\n\t<meta name=\"twitter:data1\" content=\"admin\" \/>\n\t<meta name=\"twitter:label2\" content=\"Est. reading time\" \/>\n\t<meta name=\"twitter:data2\" content=\"6 minutes\" \/>\n<script type=\"application\/ld+json\" class=\"yoast-schema-graph\">{\"@context\":\"https:\\\/\\\/schema.org\",\"@graph\":[{\"@type\":\"Article\",\"@id\":\"https:\\\/\\\/germin.org\\\/angazhimi-i-profesionisteve-nga-diaspora-ne-vendet-ame-takim-me-komunitetin-shqiptar-ne-rajonin-e-hamburgut-ne-gjermani\\\/#article\",\"isPartOf\":{\"@id\":\"https:\\\/\\\/germin.org\\\/angazhimi-i-profesionisteve-nga-diaspora-ne-vendet-ame-takim-me-komunitetin-shqiptar-ne-rajonin-e-hamburgut-ne-gjermani\\\/\"},\"author\":{\"name\":\"admin\",\"@id\":\"https:\\\/\\\/germin.org\\\/#\\\/schema\\\/person\\\/e8d8cc608a68d517f9a0fee07ceecd36\"},\"headline\":\"Angazhimi i Profesionist\u00ebve nga Diaspora n\u00eb vendet am\u00eb: Takim me komunitetin shqiptar n\u00eb rajonin e Hamburgut n\u00eb Gjermani\",\"datePublished\":\"2020-08-06T22:25:02+00:00\",\"mainEntityOfPage\":{\"@id\":\"https:\\\/\\\/germin.org\\\/angazhimi-i-profesionisteve-nga-diaspora-ne-vendet-ame-takim-me-komunitetin-shqiptar-ne-rajonin-e-hamburgut-ne-gjermani\\\/\"},\"wordCount\":1168,\"commentCount\":0,\"publisher\":{\"@id\":\"https:\\\/\\\/germin.org\\\/#organization\"},\"image\":{\"@id\":\"https:\\\/\\\/germin.org\\\/angazhimi-i-profesionisteve-nga-diaspora-ne-vendet-ame-takim-me-komunitetin-shqiptar-ne-rajonin-e-hamburgut-ne-gjermani\\\/#primaryimage\"},\"thumbnailUrl\":\"https:\\\/\\\/germin.org\\\/wp-content\\\/uploads\\\/2020\\\/08\\\/Screenshot_3-Copyaaa.jpg\",\"articleSection\":[\"Infographics\"],\"inLanguage\":\"sq\",\"potentialAction\":[{\"@type\":\"CommentAction\",\"name\":\"Comment\",\"target\":[\"https:\\\/\\\/germin.org\\\/angazhimi-i-profesionisteve-nga-diaspora-ne-vendet-ame-takim-me-komunitetin-shqiptar-ne-rajonin-e-hamburgut-ne-gjermani\\\/#respond\"]}]},{\"@type\":\"WebPage\",\"@id\":\"https:\\\/\\\/germin.org\\\/angazhimi-i-profesionisteve-nga-diaspora-ne-vendet-ame-takim-me-komunitetin-shqiptar-ne-rajonin-e-hamburgut-ne-gjermani\\\/\",\"url\":\"https:\\\/\\\/germin.org\\\/angazhimi-i-profesionisteve-nga-diaspora-ne-vendet-ame-takim-me-komunitetin-shqiptar-ne-rajonin-e-hamburgut-ne-gjermani\\\/\",\"name\":\"Angazhimi i Profesionist\u00ebve nga Diaspora n\u00eb vendet am\u00eb: Takim me komunitetin shqiptar n\u00eb rajonin e Hamburgut n\u00eb Gjermani - Germin\",\"isPartOf\":{\"@id\":\"https:\\\/\\\/germin.org\\\/#website\"},\"primaryImageOfPage\":{\"@id\":\"https:\\\/\\\/germin.org\\\/angazhimi-i-profesionisteve-nga-diaspora-ne-vendet-ame-takim-me-komunitetin-shqiptar-ne-rajonin-e-hamburgut-ne-gjermani\\\/#primaryimage\"},\"image\":{\"@id\":\"https:\\\/\\\/germin.org\\\/angazhimi-i-profesionisteve-nga-diaspora-ne-vendet-ame-takim-me-komunitetin-shqiptar-ne-rajonin-e-hamburgut-ne-gjermani\\\/#primaryimage\"},\"thumbnailUrl\":\"https:\\\/\\\/germin.org\\\/wp-content\\\/uploads\\\/2020\\\/08\\\/Screenshot_3-Copyaaa.jpg\",\"datePublished\":\"2020-08-06T22:25:02+00:00\",\"breadcrumb\":{\"@id\":\"https:\\\/\\\/germin.org\\\/angazhimi-i-profesionisteve-nga-diaspora-ne-vendet-ame-takim-me-komunitetin-shqiptar-ne-rajonin-e-hamburgut-ne-gjermani\\\/#breadcrumb\"},\"inLanguage\":\"sq\",\"potentialAction\":[{\"@type\":\"ReadAction\",\"target\":[\"https:\\\/\\\/germin.org\\\/angazhimi-i-profesionisteve-nga-diaspora-ne-vendet-ame-takim-me-komunitetin-shqiptar-ne-rajonin-e-hamburgut-ne-gjermani\\\/\"]}]},{\"@type\":\"ImageObject\",\"inLanguage\":\"sq\",\"@id\":\"https:\\\/\\\/germin.org\\\/angazhimi-i-profesionisteve-nga-diaspora-ne-vendet-ame-takim-me-komunitetin-shqiptar-ne-rajonin-e-hamburgut-ne-gjermani\\\/#primaryimage\",\"url\":\"https:\\\/\\\/germin.org\\\/wp-content\\\/uploads\\\/2020\\\/08\\\/Screenshot_3-Copyaaa.jpg\",\"contentUrl\":\"https:\\\/\\\/germin.org\\\/wp-content\\\/uploads\\\/2020\\\/08\\\/Screenshot_3-Copyaaa.jpg\",\"width\":945,\"height\":511},{\"@type\":\"BreadcrumbList\",\"@id\":\"https:\\\/\\\/germin.org\\\/angazhimi-i-profesionisteve-nga-diaspora-ne-vendet-ame-takim-me-komunitetin-shqiptar-ne-rajonin-e-hamburgut-ne-gjermani\\\/#breadcrumb\",\"itemListElement\":[{\"@type\":\"ListItem\",\"position\":1,\"name\":\"Home\",\"item\":\"https:\\\/\\\/germin.org\\\/\"},{\"@type\":\"ListItem\",\"position\":2,\"name\":\"Angazhimi i Profesionist\u00ebve nga Diaspora n\u00eb vendet am\u00eb: Takim me komunitetin shqiptar n\u00eb rajonin e Hamburgut n\u00eb Gjermani\"}]},{\"@type\":\"WebSite\",\"@id\":\"https:\\\/\\\/germin.org\\\/#website\",\"url\":\"https:\\\/\\\/germin.org\\\/\",\"name\":\"Germin\",\"description\":\"Co-Creating the Future\",\"publisher\":{\"@id\":\"https:\\\/\\\/germin.org\\\/#organization\"},\"potentialAction\":[{\"@type\":\"SearchAction\",\"target\":{\"@type\":\"EntryPoint\",\"urlTemplate\":\"https:\\\/\\\/germin.org\\\/?s={search_term_string}\"},\"query-input\":{\"@type\":\"PropertyValueSpecification\",\"valueRequired\":true,\"valueName\":\"search_term_string\"}}],\"inLanguage\":\"sq\"},{\"@type\":\"Organization\",\"@id\":\"https:\\\/\\\/germin.org\\\/#organization\",\"name\":\"Germin\",\"url\":\"https:\\\/\\\/germin.org\\\/\",\"logo\":{\"@type\":\"ImageObject\",\"inLanguage\":\"sq\",\"@id\":\"https:\\\/\\\/germin.org\\\/#\\\/schema\\\/logo\\\/image\\\/\",\"url\":\"https:\\\/\\\/germin.org\\\/wp-content\\\/uploads\\\/2025\\\/05\\\/Germin_Logo-1.svg\",\"contentUrl\":\"https:\\\/\\\/germin.org\\\/wp-content\\\/uploads\\\/2025\\\/05\\\/Germin_Logo-1.svg\",\"width\":1282,\"height\":378,\"caption\":\"Germin\"},\"image\":{\"@id\":\"https:\\\/\\\/germin.org\\\/#\\\/schema\\\/logo\\\/image\\\/\"}},{\"@type\":\"Person\",\"@id\":\"https:\\\/\\\/germin.org\\\/#\\\/schema\\\/person\\\/e8d8cc608a68d517f9a0fee07ceecd36\",\"name\":\"admin\",\"image\":{\"@type\":\"ImageObject\",\"inLanguage\":\"sq\",\"@id\":\"https:\\\/\\\/secure.gravatar.com\\\/avatar\\\/7f2ea56e3c3d76eaa58c6b5bf4c22591cb49c03b8b6b3232a7ac93492efeff3a?s=96&d=mm&r=g\",\"url\":\"https:\\\/\\\/secure.gravatar.com\\\/avatar\\\/7f2ea56e3c3d76eaa58c6b5bf4c22591cb49c03b8b6b3232a7ac93492efeff3a?s=96&d=mm&r=g\",\"contentUrl\":\"https:\\\/\\\/secure.gravatar.com\\\/avatar\\\/7f2ea56e3c3d76eaa58c6b5bf4c22591cb49c03b8b6b3232a7ac93492efeff3a?s=96&d=mm&r=g\",\"caption\":\"admin\"},\"sameAs\":[\"https:\\\/\\\/germin.org\"],\"url\":\"https:\\\/\\\/germin.org\\\/sq\\\/author\\\/shpatferizi_kplna5o5\\\/\"}]}<\/script>\n<!-- \/ Yoast SEO plugin. -->","yoast_head_json":{"title":"Angazhimi i Profesionist\u00ebve nga Diaspora n\u00eb vendet am\u00eb: Takim me komunitetin shqiptar n\u00eb rajonin e Hamburgut n\u00eb Gjermani - Germin","robots":{"index":"index","follow":"follow","max-snippet":"max-snippet:-1","max-image-preview":"max-image-preview:large","max-video-preview":"max-video-preview:-1"},"canonical":"https:\/\/germin.org\/sq\/angazhimi-i-profesionisteve-nga-diaspora-ne-vendet-ame-takim-me-komunitetin-shqiptar-ne-rajonin-e-hamburgut-ne-gjermani\/","og_locale":"sq_AL","og_type":"article","og_title":"Angazhimi i Profesionist\u00ebve nga Diaspora n\u00eb vendet am\u00eb: Takim me komunitetin shqiptar n\u00eb rajonin e Hamburgut n\u00eb Gjermani - Germin","og_description":"N\u00eb takimin virtual t\u00eb mbajtur me dat\u00ebn 05 gusht 2020, \u201cDiaspora Flet n\u2019Hamburg\u201d mor\u00ebn pjes\u00eb 21 bashk\u00ebatdhetar\u00eb t\u00eb cil\u00ebt jetojn\u00eb dhe veprojn\u00eb n\u00eb Hamburg, Gjermani dhe n\u00eb qytetet p\u00ebrreth. Takimi filloi me njoftimin e pjes\u00ebmarr\u00ebsve dhe prezantimet individuale. Diskutimi u hap me nj\u00eb prezantim t\u00eb shkurt\u00ebr t\u00eb kryetarit t\u00eb shoqat\u00ebs ODA n\u00eb Hamburg, z. Muhamet [&hellip;]","og_url":"https:\/\/germin.org\/sq\/angazhimi-i-profesionisteve-nga-diaspora-ne-vendet-ame-takim-me-komunitetin-shqiptar-ne-rajonin-e-hamburgut-ne-gjermani\/","og_site_name":"Germin","article_published_time":"2020-08-06T22:25:02+00:00","og_image":[{"width":945,"height":511,"url":"https:\/\/germin.org\/wp-content\/uploads\/2020\/08\/Screenshot_3-Copyaaa.jpg","type":"image\/jpeg"}],"author":"admin","twitter_card":"summary_large_image","twitter_misc":{"Written by":"admin","Est. reading time":"6 minutes"},"schema":{"@context":"https:\/\/schema.org","@graph":[{"@type":"Article","@id":"https:\/\/germin.org\/angazhimi-i-profesionisteve-nga-diaspora-ne-vendet-ame-takim-me-komunitetin-shqiptar-ne-rajonin-e-hamburgut-ne-gjermani\/#article","isPartOf":{"@id":"https:\/\/germin.org\/angazhimi-i-profesionisteve-nga-diaspora-ne-vendet-ame-takim-me-komunitetin-shqiptar-ne-rajonin-e-hamburgut-ne-gjermani\/"},"author":{"name":"admin","@id":"https:\/\/germin.org\/#\/schema\/person\/e8d8cc608a68d517f9a0fee07ceecd36"},"headline":"Angazhimi i Profesionist\u00ebve nga Diaspora n\u00eb vendet am\u00eb: Takim me komunitetin shqiptar n\u00eb rajonin e Hamburgut n\u00eb Gjermani","datePublished":"2020-08-06T22:25:02+00:00","mainEntityOfPage":{"@id":"https:\/\/germin.org\/angazhimi-i-profesionisteve-nga-diaspora-ne-vendet-ame-takim-me-komunitetin-shqiptar-ne-rajonin-e-hamburgut-ne-gjermani\/"},"wordCount":1168,"commentCount":0,"publisher":{"@id":"https:\/\/germin.org\/#organization"},"image":{"@id":"https:\/\/germin.org\/angazhimi-i-profesionisteve-nga-diaspora-ne-vendet-ame-takim-me-komunitetin-shqiptar-ne-rajonin-e-hamburgut-ne-gjermani\/#primaryimage"},"thumbnailUrl":"https:\/\/germin.org\/wp-content\/uploads\/2020\/08\/Screenshot_3-Copyaaa.jpg","articleSection":["Infographics"],"inLanguage":"sq","potentialAction":[{"@type":"CommentAction","name":"Comment","target":["https:\/\/germin.org\/angazhimi-i-profesionisteve-nga-diaspora-ne-vendet-ame-takim-me-komunitetin-shqiptar-ne-rajonin-e-hamburgut-ne-gjermani\/#respond"]}]},{"@type":"WebPage","@id":"https:\/\/germin.org\/angazhimi-i-profesionisteve-nga-diaspora-ne-vendet-ame-takim-me-komunitetin-shqiptar-ne-rajonin-e-hamburgut-ne-gjermani\/","url":"https:\/\/germin.org\/angazhimi-i-profesionisteve-nga-diaspora-ne-vendet-ame-takim-me-komunitetin-shqiptar-ne-rajonin-e-hamburgut-ne-gjermani\/","name":"Angazhimi i Profesionist\u00ebve nga Diaspora n\u00eb vendet am\u00eb: Takim me komunitetin shqiptar n\u00eb rajonin e Hamburgut n\u00eb Gjermani - Germin","isPartOf":{"@id":"https:\/\/germin.org\/#website"},"primaryImageOfPage":{"@id":"https:\/\/germin.org\/angazhimi-i-profesionisteve-nga-diaspora-ne-vendet-ame-takim-me-komunitetin-shqiptar-ne-rajonin-e-hamburgut-ne-gjermani\/#primaryimage"},"image":{"@id":"https:\/\/germin.org\/angazhimi-i-profesionisteve-nga-diaspora-ne-vendet-ame-takim-me-komunitetin-shqiptar-ne-rajonin-e-hamburgut-ne-gjermani\/#primaryimage"},"thumbnailUrl":"https:\/\/germin.org\/wp-content\/uploads\/2020\/08\/Screenshot_3-Copyaaa.jpg","datePublished":"2020-08-06T22:25:02+00:00","breadcrumb":{"@id":"https:\/\/germin.org\/angazhimi-i-profesionisteve-nga-diaspora-ne-vendet-ame-takim-me-komunitetin-shqiptar-ne-rajonin-e-hamburgut-ne-gjermani\/#breadcrumb"},"inLanguage":"sq","potentialAction":[{"@type":"ReadAction","target":["https:\/\/germin.org\/angazhimi-i-profesionisteve-nga-diaspora-ne-vendet-ame-takim-me-komunitetin-shqiptar-ne-rajonin-e-hamburgut-ne-gjermani\/"]}]},{"@type":"ImageObject","inLanguage":"sq","@id":"https:\/\/germin.org\/angazhimi-i-profesionisteve-nga-diaspora-ne-vendet-ame-takim-me-komunitetin-shqiptar-ne-rajonin-e-hamburgut-ne-gjermani\/#primaryimage","url":"https:\/\/germin.org\/wp-content\/uploads\/2020\/08\/Screenshot_3-Copyaaa.jpg","contentUrl":"https:\/\/germin.org\/wp-content\/uploads\/2020\/08\/Screenshot_3-Copyaaa.jpg","width":945,"height":511},{"@type":"BreadcrumbList","@id":"https:\/\/germin.org\/angazhimi-i-profesionisteve-nga-diaspora-ne-vendet-ame-takim-me-komunitetin-shqiptar-ne-rajonin-e-hamburgut-ne-gjermani\/#breadcrumb","itemListElement":[{"@type":"ListItem","position":1,"name":"Home","item":"https:\/\/germin.org\/"},{"@type":"ListItem","position":2,"name":"Angazhimi i Profesionist\u00ebve nga Diaspora n\u00eb vendet am\u00eb: Takim me komunitetin shqiptar n\u00eb rajonin e Hamburgut n\u00eb Gjermani"}]},{"@type":"WebSite","@id":"https:\/\/germin.org\/#website","url":"https:\/\/germin.org\/","name":"Germin","description":"Co-Creating the Future","publisher":{"@id":"https:\/\/germin.org\/#organization"},"potentialAction":[{"@type":"SearchAction","target":{"@type":"EntryPoint","urlTemplate":"https:\/\/germin.org\/?s={search_term_string}"},"query-input":{"@type":"PropertyValueSpecification","valueRequired":true,"valueName":"search_term_string"}}],"inLanguage":"sq"},{"@type":"Organization","@id":"https:\/\/germin.org\/#organization","name":"Germin","url":"https:\/\/germin.org\/","logo":{"@type":"ImageObject","inLanguage":"sq","@id":"https:\/\/germin.org\/#\/schema\/logo\/image\/","url":"https:\/\/germin.org\/wp-content\/uploads\/2025\/05\/Germin_Logo-1.svg","contentUrl":"https:\/\/germin.org\/wp-content\/uploads\/2025\/05\/Germin_Logo-1.svg","width":1282,"height":378,"caption":"Germin"},"image":{"@id":"https:\/\/germin.org\/#\/schema\/logo\/image\/"}},{"@type":"Person","@id":"https:\/\/germin.org\/#\/schema\/person\/e8d8cc608a68d517f9a0fee07ceecd36","name":"admin","image":{"@type":"ImageObject","inLanguage":"sq","@id":"https:\/\/secure.gravatar.com\/avatar\/7f2ea56e3c3d76eaa58c6b5bf4c22591cb49c03b8b6b3232a7ac93492efeff3a?s=96&d=mm&r=g","url":"https:\/\/secure.gravatar.com\/avatar\/7f2ea56e3c3d76eaa58c6b5bf4c22591cb49c03b8b6b3232a7ac93492efeff3a?s=96&d=mm&r=g","contentUrl":"https:\/\/secure.gravatar.com\/avatar\/7f2ea56e3c3d76eaa58c6b5bf4c22591cb49c03b8b6b3232a7ac93492efeff3a?s=96&d=mm&r=g","caption":"admin"},"sameAs":["https:\/\/germin.org"],"url":"https:\/\/germin.org\/sq\/author\/shpatferizi_kplna5o5\/"}]}},"_links":{"self":[{"href":"https:\/\/germin.org\/sq\/wp-json\/wp\/v2\/posts\/4768","targetHints":{"allow":["GET"]}}],"collection":[{"href":"https:\/\/germin.org\/sq\/wp-json\/wp\/v2\/posts"}],"about":[{"href":"https:\/\/germin.org\/sq\/wp-json\/wp\/v2\/types\/post"}],"author":[{"embeddable":true,"href":"https:\/\/germin.org\/sq\/wp-json\/wp\/v2\/users\/1"}],"replies":[{"embeddable":true,"href":"https:\/\/germin.org\/sq\/wp-json\/wp\/v2\/comments?post=4768"}],"version-history":[{"count":0,"href":"https:\/\/germin.org\/sq\/wp-json\/wp\/v2\/posts\/4768\/revisions"}],"wp:featuredmedia":[{"embeddable":true,"href":"https:\/\/germin.org\/sq\/wp-json\/wp\/v2\/media\/4776"}],"wp:attachment":[{"href":"https:\/\/germin.org\/sq\/wp-json\/wp\/v2\/media?parent=4768"}],"wp:term":[{"taxonomy":"category","embeddable":true,"href":"https:\/\/germin.org\/sq\/wp-json\/wp\/v2\/categories?post=4768"},{"taxonomy":"post_tag","embeddable":true,"href":"https:\/\/germin.org\/sq\/wp-json\/wp\/v2\/tags?post=4768"}],"curies":[{"name":"wp","href":"https:\/\/api.w.org\/{rel}","templated":true}]}}