{"id":5592,"date":"2021-03-30T09:39:25","date_gmt":"2021-03-30T09:39:25","guid":{"rendered":"https:\/\/germin.org\/?p=5592"},"modified":"2025-05-28T16:13:07","modified_gmt":"2025-05-28T16:13:07","slug":"perspective-human-capital-brain-returns-and-foreign-direct-investment-in-the-digital-age","status":"publish","type":"post","link":"https:\/\/germin.org\/sq\/perspective-human-capital-brain-returns-and-foreign-direct-investment-in-the-digital-age\/","title":{"rendered":"Gjat\u00eb konferenc\u00ebs Diaspora Flet 2020 u mbajt paneli \u201cKapitali Njerezor: Rikthimi i Trurit dhe Investimet e Huaja Direkte n\u00eb Epok\u00ebn Digjitale\u201d."},"content":{"rendered":"<p><span style=\"font-weight: 400;\">Gjat\u00eb konferenc\u00ebs Diaspora Flet 2020 u mbajt paneli \u201cKapitali Njer\u00ebzor: Rikthimi i Trurit dhe Investimet e Huaja Direkte n\u00eb Epok\u00ebn Digjitale\u201d.<\/span><\/p>\n<p><span style=\"font-weight: 400;\">Bashk\u00eb me pes\u00eb panelist\u00eb nga SHBA, Gjermania, Kosova dhe Shqip\u00ebria, moderatori diskutoi mund\u00ebsit\u00eb p\u00ebr leht\u00ebsimin dhe rikthimin e trurit, respektivisht transferimin e njohurive dhe aft\u00ebsive nga diaspora n\u00eb vendet e origjin\u00ebs, si dhe mund\u00ebsit\u00eb q\u00eb ofron sidomos digjitalizimi p\u00ebr angazhimin e ekspert\u00ebve nga e gjith\u00eb bota. U diskutua gjithashtu ku q\u00ebndron potenciali, cilat politika duhet zbatuar dhe \u00e7far\u00eb llojesh programesh migrimi duhet t\u00eb ekzistojn\u00eb p\u00ebr t\u00eb mund\u00ebsuar kthimin afatshkurt\u00ebr dhe afatgjat\u00eb n\u00eb vendet tona.<\/span><\/p>\n<p><span style=\"font-weight: 400;\">Q\u00ebllimi i k\u00ebtij paneli ishte t\u00eb identifikoj\u00eb potencialin e pazbuluar ose t\u00eb pamjaftuesh\u00ebm t\u00eb hulumtuar t\u00eb diaspor\u00ebs son\u00eb dhe t\u00eb flas\u00eb p\u00ebr remitancat si mjetet m\u00eb direkte financiare q\u00eb d\u00ebrgohen nga diaspora, dhe si mund t\u00eb transformohen k\u00ebto fonde n\u00eb ndihm\u00eb afatgjat\u00eb, t\u00eb strukturuar p\u00ebr zhvillim t\u00eb q\u00ebndruesh\u00ebm.<\/span><\/p>\n<p><span style=\"font-weight: 400;\">N\u00eb panel ishte Faton Limani, i cili ka dh\u00ebn\u00eb m\u00ebsim dhe ndihmuar n\u00eb kurse lidershipi n\u00eb Harvard, ku ka trajnuar qindra student\u00eb, ekzekutiv\u00eb korporativ\u00eb dhe profesionist\u00eb t\u00eb rinj n\u00eb fush\u00ebn e zhvillimit t\u00eb lidershipit. Ai zot\u00ebron nj\u00eb Master n\u00eb Administrat\u00eb Publike nga Harvard Kennedy School dhe n\u00eb Ekonomi \/ Menaxhim nga Universiteti i Prishtin\u00ebs. Fatoni u p\u00ebrgjigj n\u00eb pyetjen n\u00ebse sheh mund\u00ebsi p\u00ebr p\u00ebrfitimin e eksperienc\u00ebs nga ekspert\u00ebt tan\u00eb n\u00eb diaspor\u00eb, t\u00eb cil\u00ebt mund t\u00eb mos jen\u00eb n\u00eb gjendje t\u00eb kthehen fizikisht n\u00eb Kosov\u00eb p\u00ebr shkak t\u00eb pagave t\u00eb ul\u00ebta. Ai theksoi se prioritet \u00ebsht\u00eb teknologjia moderne, e cila ka mund\u00ebsuar uljen e koh\u00ebs dhe kostos p\u00ebr transferimin e njohurive. Kjo \u00ebsht\u00eb nj\u00eb mund\u00ebsi e shk\u00eblqyer p\u00ebr Kosov\u00ebn p\u00ebr t\u00eb shfryt\u00ebzuar potencialin e lart\u00eb t\u00eb diaspor\u00ebs. Kjo mund t\u00eb arrihet n\u00eb forma t\u00eb ndryshme, si m\u00ebsim online, trajnime dhe krijimi i grupeve t\u00eb pun\u00ebs online p\u00ebr fusha t\u00eb ndryshme politike. Fatoni theksoi se p\u00ebr zhvillimin ekonomik, Kosova duhet t\u00eb fokusohet n\u00eb krijimin e nj\u00eb plani afatgjat\u00eb zhvillimi ekonomik q\u00eb e b\u00ebn ekonomin\u00eb konkurruese dhe p\u00ebrgatit vendin t\u00eb jet\u00eb an\u00ebtar i barabart\u00eb n\u00eb BE dhe NATO. Ky plan duhet t\u00eb fokusohet n\u00eb sektor\u00eb me potencial t\u00eb lart\u00eb, si shkencat kompjuterike, inxhinieria, dhe rekrutimin e profesionist\u00ebve t\u00eb kualifikuar nga diaspora. K\u00ebta profesionist\u00eb do t\u00eb sjellin njohurit\u00eb, p\u00ebrvoj\u00ebn dhe rrjetin e tyre, shum\u00eb t\u00eb r\u00ebnd\u00ebsish\u00ebm p\u00ebr ta b\u00ebr\u00eb Kosov\u00ebn nj\u00eb qend\u00ebr t\u00eb k\u00ebtyre sektor\u00ebve me k\u00ebrkes\u00eb t\u00eb madhe n\u00eb treg.<\/span><\/p>\n<p><span style=\"font-weight: 400;\">U diskutua gjithashtu p\u00ebr ndihm\u00ebn financiare nga programet nd\u00ebrkomb\u00ebtare q\u00eb synojn\u00eb kthimin e ekspert\u00ebve t\u00eb rinj n\u00eb vendet e tyre. Nj\u00eb prej k\u00ebtyre projekteve financohet nga GIZ gjerman dhe zbatohet n\u00eb Shqip\u00ebri dhe Kosov\u00eb. N\u00eb kuad\u00ebr t\u00eb k\u00ebtij programi, profesionist\u00ebt e rinj mund t\u00eb kthehen p\u00ebr periudha nga 3 jav\u00eb deri n\u00eb 24 muaj dhe angazhohen n\u00eb fush\u00ebn e tyre profesionale. Gjat\u00eb shtatorit dhe tetorit 2020, panelisti dhe inxhinieri industrial Agon Kamberi ishte ekspert i diaspor\u00ebs n\u00eb Tiran\u00eb, n\u00eb Drejtorin\u00eb e P\u00ebrgjithshme t\u00eb Politikave dhe Zhvillimit t\u00eb Industris\u00eb dhe Energjis\u00eb n\u00eb Ministrin\u00eb e Infrastruktur\u00ebs dhe Energjis\u00eb. Ai b\u00ebri analiz\u00eb ekonomike dhe teknike p\u00ebr \u201cStrategjin\u00eb Komb\u00ebtare t\u00eb Energjis\u00eb\u201d dhe krijoi nj\u00eb seri hapash strategjik\u00eb p\u00ebr arritjen e objektivave dhe parandalimin e kriz\u00ebs energjetike. Agoni theksoi se koncepti i angazhimit vullnetar \u00ebsht\u00eb shum\u00eb i n\u00ebnvler\u00ebsuar dhe shum\u00eb fonde nd\u00ebrkomb\u00ebtare mbeten t\u00eb pap\u00ebrdorura p\u00ebr shkak t\u00eb munges\u00ebs s\u00eb strukturave si organizata.<\/span><\/p>\n<p><span style=\"font-weight: 400;\">Agoni u pyet p\u00ebr fushat ku nevojiten programet m\u00eb shum\u00eb dhe ku diaspora mund t\u00eb angazhohet. Ai tha se ekonomit\u00eb e vogla si Shqip\u00ebria, Maqedonia e Veriut dhe Kosova kan\u00eb iluzionin q\u00eb kompani t\u00eb m\u00ebdha nd\u00ebrkomb\u00ebtare do t\u00eb investojn\u00eb n\u00eb fabrika t\u00eb m\u00ebdha, por kjo nuk do t\u00eb ndodh\u00eb p\u00ebr shkak t\u00eb munges\u00ebs s\u00eb besimit n\u00eb sundimin e ligjit, munges\u00ebs s\u00eb industris\u00eb p\u00ebrpunuese, zinxhir\u00ebve t\u00eb furnizimit, furnizimit stabil me energji dhe munges\u00ebs s\u00eb burimeve njer\u00ebzore me njohuri t\u00eb mjaftueshme.<\/span><\/p>\n<p><span style=\"font-weight: 400;\">Ai propozoi q\u00eb diaspora t\u00eb angazhohet n\u00eb k\u00ebrkime dhe publikime shkencore, duke ndar\u00eb njohurit\u00eb profesionale. Agoni propozoi krijimin e nj\u00eb platforme ose katalogu dixhital p\u00ebr punimet k\u00ebrkimore t\u00eb diaspor\u00ebs q\u00eb lidhen me vendet e origjin\u00ebs.<\/span><\/p>\n<p><span style=\"font-weight: 400;\">U theksua se kthimi i diaspor\u00ebs nuk \u00ebsht\u00eb i nj\u00ebjt\u00eb me migracionin apo \u201cbrain drain\u201d, pasi p\u00ebrfshin edhe aspekte emocionale. Besa Neziri Rugova, dizajnere nga Kosova, e cila studioi n\u00eb Fakultetin e Arteve n\u00eb Prishtin\u00eb dhe n\u00eb Parsons School of Design n\u00eb New York, u kthye n\u00eb Kosov\u00eb n\u00eb 2016 dhe tani jeton p\u00ebrher\u00eb k\u00ebtu. Ajo tregoi p\u00ebr sfidat n\u00eb hapjen e biznesit pas kthimit nga SHBA-t\u00eb, si mungesa e informacionit dhe k\u00ebrkoi krijimin e nj\u00eb qendre informacioni dhe flet\u00ebpalosjeve p\u00ebr udh\u00ebzime, si dhe nj\u00eb departament me staf profesionist p\u00ebr mb\u00ebshtetjen e investimeve nga diaspora. Propozoi gjithashtu p\u00ebrfitime financiare dhe nj\u00eb inkubator p\u00ebr bizneset e reja nga diaspora.<\/span><\/p>\n<p><span style=\"font-weight: 400;\">Besa mentioned that she encountered a lack of information, in general, so she was forced to get the information they needed to open a business only through word of mouth, through connections with people she knew. This has been very troublesome and tedious. Besa proposes that the institutions establish at least one information center, with basic information for opening businesses, by the diaspora. But also the creation of instruction leaflets and also a special department for instruction where they would hire professional staff, which would be hospitable and encourage the diaspora to invest. She also mentioned financial facilities for the first year, such as exemption from high tax payments. Have an incubator where new businesses from the diaspora receive services at very low prices in the beginning, until they &#8220;get on their feet.&#8221;<\/span><\/p>\n<p><span style=\"font-weight: 400;\">Lulzim Syla, bashk\u00ebthemelues dhe partner menaxhues n\u00eb ELEN, nj\u00eb kompani e madhe n\u00eb energji t\u00eb rinovueshme n\u00eb Kosov\u00eb, foli p\u00ebr r\u00ebnd\u00ebsin\u00eb e qendrave p\u00ebr zhvillimin e talenteve q\u00eb nga shkolla fillore dhe t\u00eb mesme dhe p\u00ebr p\u00ebrgatitjen e burimeve njer\u00ebzore p\u00ebr investitor\u00eb t\u00eb huaj. Ai propozoi heqjen e taksave p\u00ebr start-up-et nga diaspora gjat\u00eb vitit t\u00eb par\u00eb. Ai theksoi munges\u00ebn e t\u00eb dh\u00ebnave t\u00eb regjistrimit p\u00ebr emigrant\u00ebt q\u00eb kthehen dhe propozoi krijimin e nj\u00eb databaze p\u00ebr ekspert\u00ebt e diaspor\u00ebs.<\/span><\/p>\n<p><span style=\"font-weight: 400;\">Dritan Mezini, themelues dhe drejtor ekzekutiv i DM Consulting Services dhe drejtor i Shoqat\u00ebs Shqiptare t\u00eb Teknologjis\u00eb s\u00eb Informacionit, foli p\u00ebr politikat q\u00eb duhet t\u00eb implementohen p\u00ebr t\u00eb promovuar angazhimin e diaspor\u00ebs dhe potencialin q\u00eb ka digjitalizimi. Ai propozoi krijimin e programeve, eventeve dhe iniciativave ku diaspora mund t\u00eb marr\u00eb pjes\u00eb dhe kontribuoj\u00eb n\u00eb ndarjen e njohurive dhe mund\u00ebsit\u00eb e pun\u00ebsimit n\u00eb Shqip\u00ebri, Kosov\u00eb dhe Maqedoni. Ai sugjeroi krijimin e \u201cFondit t\u00eb Zhvillimit t\u00eb Diaspor\u00ebs Shqiptare\u201d si nj\u00eb fond besimi p\u00ebr projekte t\u00eb diaspor\u00ebs n\u00eb bashk\u00ebpunim me aktor\u00eb lokal\u00eb. Po ashtu, ai theksoi nevoj\u00ebn p\u00ebr nj\u00eb databaz\u00eb t\u00eb integruar t\u00eb diaspor\u00ebs dhe koordinim t\u00eb aktor\u00ebve t\u00eb ndrysh\u00ebm n\u00ebn nj\u00eb q\u00ebllim t\u00eb p\u00ebrbashk\u00ebt.<\/span><\/p>\n<p><span style=\"font-weight: 400;\">Dritan Mezini was also invited to the panel, Dritani is the founder and Executive Director of DM Consulting Services. He is also the founder of the work portal www.duapune.com and holds the position of Executive Director of the Albanian Association of Information Communication Technology. Dritani shows what policies should be implemented to promote the engagement of our diaspora and what potential is the head of digitalization.<\/span><\/p>\n<p><span style=\"font-weight: 400;\">Especially, like him, programs, events, initiatives should be created where the diaspora can participate and contribute to the sharing of knowledge, employment opportunities in Albania, Kosovo, Macedonia. But also to establish an &#8220;Albanian Development Aid for the Diaspora&#8221; (this can be a Trust Fund from all countries involved) &#8211; the Diaspora Development Fund (Trust Funds) which supports projects generated by the Diaspora in cooperation with local players.<\/span><\/p>\n<p><span style=\"font-weight: 400;\">Dritani also mentioned the importance of creating an integrated diaspora database (skills, knowledge, expertise, interests) and especially the coordination of all actors (government, non-government, private) and associations under the cause of the Diaspora.<\/span><\/p>\n<p>&nbsp;<\/p>\n<p class=\"translation-block\"><span style=\"color: #808080\"><b><i>Rreth autores<\/i><\/b><i><span style=\"font-weight: 400\">: Fellanza Podrimja \u00ebsht\u00eb k\u00ebshilltare politike e Kryeministrit Albin Kurti. Para k\u00ebsaj, ajo ka qen\u00eb k\u00ebshilltare p\u00ebr marr\u00ebdh\u00ebnie publike, ekonomike dhe arsimore pran\u00eb Kryetarit t\u00eb Komun\u00ebs s\u00eb Prizrenit, Mytaher Haskuka. M\u00eb par\u00eb ka punuar si konsulente n\u00eb nj\u00eb kompani konsulence menaxhimi n\u00eb Berlin. Fokusin kryesor n\u00eb k\u00ebt\u00eb pozicion e ka pasur n\u00eb politik\u00ebn energjetike. Nga viti 2010 deri n\u00eb 2016, Fellanza Podrimja ka studiuar n\u00eb Regensburg dhe n\u00eb Universitetin Ludwig Maximilians n\u00eb Mynih. Ajo \u00ebsht\u00eb me master n\u00eb drejt\u00ebsi dhe shkenca politike.<\/span><\/i><\/span><\/p>","protected":false},"excerpt":{"rendered":"<p>During the Diaspora Flet 2020 conference, the panel &#8220;Human Capital: Brain Gain and Foreign Direct Investment in the Digital Age&#8221; was held. Together with the five panelists from USA, Germany, Kosovo and Albania, the moderator talked about the possibilities for facilitating and gaining the brain, respectively the transfer of knowledge and skills from the diaspora [&hellip;]<\/p>\n","protected":false},"author":10,"featured_media":11077,"comment_status":"open","ping_status":"open","sticky":false,"template":"","format":"standard","meta":{"_acf_changed":false,"footnotes":""},"categories":[28],"tags":[30],"class_list":["post-5592","post","type-post","status-publish","format-standard","has-post-thumbnail","hentry","category-diaspora-briefings","tag-fellenza-podrimja"],"acf":[],"yoast_head":"<!-- This site is optimized with the Yoast SEO plugin v27.4 - https:\/\/yoast.com\/product\/yoast-seo-wordpress\/ -->\n<title>Perspective: &quot;Human Capital: Brain Returns and Foreign Direct Investment in the Digital Age&quot; - Germin<\/title>\n<meta name=\"robots\" content=\"index, follow, max-snippet:-1, max-image-preview:large, max-video-preview:-1\" \/>\n<link rel=\"canonical\" href=\"https:\/\/germin.org\/sq\/perspective-human-capital-brain-returns-and-foreign-direct-investment-in-the-digital-age\/\" \/>\n<meta property=\"og:locale\" content=\"sq_AL\" \/>\n<meta property=\"og:type\" content=\"article\" \/>\n<meta property=\"og:title\" content=\"Perspective: &quot;Human Capital: Brain Returns and Foreign Direct Investment in the Digital Age&quot; - Germin\" \/>\n<meta property=\"og:description\" content=\"During the Diaspora Flet 2020 conference, the panel &#8220;Human Capital: Brain Gain and Foreign Direct Investment in the Digital Age&#8221; was held. Together with the five panelists from USA, Germany, Kosovo and Albania, the moderator talked about the possibilities for facilitating and gaining the brain, respectively the transfer of knowledge and skills from the diaspora [&hellip;]\" \/>\n<meta property=\"og:url\" content=\"https:\/\/germin.org\/sq\/perspective-human-capital-brain-returns-and-foreign-direct-investment-in-the-digital-age\/\" \/>\n<meta property=\"og:site_name\" content=\"Germin\" \/>\n<meta property=\"article:published_time\" content=\"2021-03-30T09:39:25+00:00\" \/>\n<meta property=\"article:modified_time\" content=\"2025-05-28T16:13:07+00:00\" \/>\n<meta property=\"og:image\" content=\"https:\/\/germin.org\/wp-content\/uploads\/2021\/03\/WEB_Editorials-3-755x420-1.png\" \/>\n\t<meta property=\"og:image:width\" content=\"755\" \/>\n\t<meta property=\"og:image:height\" content=\"420\" \/>\n\t<meta property=\"og:image:type\" content=\"image\/png\" \/>\n<meta name=\"author\" content=\"F\u00ebllanza Podrimja\" \/>\n<meta name=\"twitter:card\" content=\"summary_large_image\" \/>\n<meta name=\"twitter:label1\" content=\"Written by\" \/>\n\t<meta name=\"twitter:data1\" content=\"F\u00ebllanza Podrimja\" \/>\n\t<meta name=\"twitter:label2\" content=\"Est. reading time\" \/>\n\t<meta name=\"twitter:data2\" content=\"8 minutes\" \/>\n<script type=\"application\/ld+json\" class=\"yoast-schema-graph\">{\"@context\":\"https:\\\/\\\/schema.org\",\"@graph\":[{\"@type\":\"Article\",\"@id\":\"https:\\\/\\\/germin.org\\\/perspective-human-capital-brain-returns-and-foreign-direct-investment-in-the-digital-age\\\/#article\",\"isPartOf\":{\"@id\":\"https:\\\/\\\/germin.org\\\/perspective-human-capital-brain-returns-and-foreign-direct-investment-in-the-digital-age\\\/\"},\"author\":{\"name\":\"F\u00ebllanza Podrimja\",\"@id\":\"https:\\\/\\\/germin.org\\\/#\\\/schema\\\/person\\\/cb926417c8f6789bb442e7a920414dc5\"},\"headline\":\"Perspective: &#8220;Human Capital: Brain Returns and Foreign Direct Investment in the Digital Age&#8221;\",\"datePublished\":\"2021-03-30T09:39:25+00:00\",\"dateModified\":\"2025-05-28T16:13:07+00:00\",\"mainEntityOfPage\":{\"@id\":\"https:\\\/\\\/germin.org\\\/perspective-human-capital-brain-returns-and-foreign-direct-investment-in-the-digital-age\\\/\"},\"wordCount\":1614,\"commentCount\":0,\"publisher\":{\"@id\":\"https:\\\/\\\/germin.org\\\/#organization\"},\"image\":{\"@id\":\"https:\\\/\\\/germin.org\\\/perspective-human-capital-brain-returns-and-foreign-direct-investment-in-the-digital-age\\\/#primaryimage\"},\"thumbnailUrl\":\"https:\\\/\\\/germin.org\\\/wp-content\\\/uploads\\\/2021\\\/03\\\/WEB_Editorials-3-755x420-1.png\",\"keywords\":[\"Fellenza Podrimja\"],\"articleSection\":[\"Diaspora Briefings\"],\"inLanguage\":\"sq\",\"potentialAction\":[{\"@type\":\"CommentAction\",\"name\":\"Comment\",\"target\":[\"https:\\\/\\\/germin.org\\\/perspective-human-capital-brain-returns-and-foreign-direct-investment-in-the-digital-age\\\/#respond\"]}]},{\"@type\":\"WebPage\",\"@id\":\"https:\\\/\\\/germin.org\\\/perspective-human-capital-brain-returns-and-foreign-direct-investment-in-the-digital-age\\\/\",\"url\":\"https:\\\/\\\/germin.org\\\/perspective-human-capital-brain-returns-and-foreign-direct-investment-in-the-digital-age\\\/\",\"name\":\"Perspective: \\\"Human Capital: Brain Returns and Foreign Direct Investment in the Digital Age\\\" - Germin\",\"isPartOf\":{\"@id\":\"https:\\\/\\\/germin.org\\\/#website\"},\"primaryImageOfPage\":{\"@id\":\"https:\\\/\\\/germin.org\\\/perspective-human-capital-brain-returns-and-foreign-direct-investment-in-the-digital-age\\\/#primaryimage\"},\"image\":{\"@id\":\"https:\\\/\\\/germin.org\\\/perspective-human-capital-brain-returns-and-foreign-direct-investment-in-the-digital-age\\\/#primaryimage\"},\"thumbnailUrl\":\"https:\\\/\\\/germin.org\\\/wp-content\\\/uploads\\\/2021\\\/03\\\/WEB_Editorials-3-755x420-1.png\",\"datePublished\":\"2021-03-30T09:39:25+00:00\",\"dateModified\":\"2025-05-28T16:13:07+00:00\",\"breadcrumb\":{\"@id\":\"https:\\\/\\\/germin.org\\\/perspective-human-capital-brain-returns-and-foreign-direct-investment-in-the-digital-age\\\/#breadcrumb\"},\"inLanguage\":\"sq\",\"potentialAction\":[{\"@type\":\"ReadAction\",\"target\":[\"https:\\\/\\\/germin.org\\\/perspective-human-capital-brain-returns-and-foreign-direct-investment-in-the-digital-age\\\/\"]}]},{\"@type\":\"ImageObject\",\"inLanguage\":\"sq\",\"@id\":\"https:\\\/\\\/germin.org\\\/perspective-human-capital-brain-returns-and-foreign-direct-investment-in-the-digital-age\\\/#primaryimage\",\"url\":\"https:\\\/\\\/germin.org\\\/wp-content\\\/uploads\\\/2021\\\/03\\\/WEB_Editorials-3-755x420-1.png\",\"contentUrl\":\"https:\\\/\\\/germin.org\\\/wp-content\\\/uploads\\\/2021\\\/03\\\/WEB_Editorials-3-755x420-1.png\",\"width\":755,\"height\":420},{\"@type\":\"BreadcrumbList\",\"@id\":\"https:\\\/\\\/germin.org\\\/perspective-human-capital-brain-returns-and-foreign-direct-investment-in-the-digital-age\\\/#breadcrumb\",\"itemListElement\":[{\"@type\":\"ListItem\",\"position\":1,\"name\":\"Home\",\"item\":\"https:\\\/\\\/germin.org\\\/\"},{\"@type\":\"ListItem\",\"position\":2,\"name\":\"Perspective: &#8220;Human Capital: Brain Returns and Foreign Direct Investment in the Digital Age&#8221;\"}]},{\"@type\":\"WebSite\",\"@id\":\"https:\\\/\\\/germin.org\\\/#website\",\"url\":\"https:\\\/\\\/germin.org\\\/\",\"name\":\"Germin\",\"description\":\"Co-Creating the Future\",\"publisher\":{\"@id\":\"https:\\\/\\\/germin.org\\\/#organization\"},\"potentialAction\":[{\"@type\":\"SearchAction\",\"target\":{\"@type\":\"EntryPoint\",\"urlTemplate\":\"https:\\\/\\\/germin.org\\\/?s={search_term_string}\"},\"query-input\":{\"@type\":\"PropertyValueSpecification\",\"valueRequired\":true,\"valueName\":\"search_term_string\"}}],\"inLanguage\":\"sq\"},{\"@type\":\"Organization\",\"@id\":\"https:\\\/\\\/germin.org\\\/#organization\",\"name\":\"Germin\",\"url\":\"https:\\\/\\\/germin.org\\\/\",\"logo\":{\"@type\":\"ImageObject\",\"inLanguage\":\"sq\",\"@id\":\"https:\\\/\\\/germin.org\\\/#\\\/schema\\\/logo\\\/image\\\/\",\"url\":\"https:\\\/\\\/germin.org\\\/wp-content\\\/uploads\\\/2025\\\/05\\\/Germin_Logo-1.svg\",\"contentUrl\":\"https:\\\/\\\/germin.org\\\/wp-content\\\/uploads\\\/2025\\\/05\\\/Germin_Logo-1.svg\",\"width\":1282,\"height\":378,\"caption\":\"Germin\"},\"image\":{\"@id\":\"https:\\\/\\\/germin.org\\\/#\\\/schema\\\/logo\\\/image\\\/\"}},{\"@type\":\"Person\",\"@id\":\"https:\\\/\\\/germin.org\\\/#\\\/schema\\\/person\\\/cb926417c8f6789bb442e7a920414dc5\",\"name\":\"F\u00ebllanza Podrimja\",\"image\":{\"@type\":\"ImageObject\",\"inLanguage\":\"sq\",\"@id\":\"https:\\\/\\\/secure.gravatar.com\\\/avatar\\\/8cefb57717b35eda0e8fe9e49ea9eb23ea44a31b824d706786cdf41040a41c5e?s=96&d=mm&r=g\",\"url\":\"https:\\\/\\\/secure.gravatar.com\\\/avatar\\\/8cefb57717b35eda0e8fe9e49ea9eb23ea44a31b824d706786cdf41040a41c5e?s=96&d=mm&r=g\",\"contentUrl\":\"https:\\\/\\\/secure.gravatar.com\\\/avatar\\\/8cefb57717b35eda0e8fe9e49ea9eb23ea44a31b824d706786cdf41040a41c5e?s=96&d=mm&r=g\",\"caption\":\"F\u00ebllanza Podrimja\"},\"url\":\"https:\\\/\\\/germin.org\\\/sq\\\/author\\\/fellanza-podrimaj\\\/\"}]}<\/script>\n<!-- \/ Yoast SEO plugin. -->","yoast_head_json":{"title":"Perspective: \"Human Capital: Brain Returns and Foreign Direct Investment in the Digital Age\" - Germin","robots":{"index":"index","follow":"follow","max-snippet":"max-snippet:-1","max-image-preview":"max-image-preview:large","max-video-preview":"max-video-preview:-1"},"canonical":"https:\/\/germin.org\/sq\/perspective-human-capital-brain-returns-and-foreign-direct-investment-in-the-digital-age\/","og_locale":"sq_AL","og_type":"article","og_title":"Perspective: \"Human Capital: Brain Returns and Foreign Direct Investment in the Digital Age\" - Germin","og_description":"During the Diaspora Flet 2020 conference, the panel &#8220;Human Capital: Brain Gain and Foreign Direct Investment in the Digital Age&#8221; was held. Together with the five panelists from USA, Germany, Kosovo and Albania, the moderator talked about the possibilities for facilitating and gaining the brain, respectively the transfer of knowledge and skills from the diaspora [&hellip;]","og_url":"https:\/\/germin.org\/sq\/perspective-human-capital-brain-returns-and-foreign-direct-investment-in-the-digital-age\/","og_site_name":"Germin","article_published_time":"2021-03-30T09:39:25+00:00","article_modified_time":"2025-05-28T16:13:07+00:00","og_image":[{"width":755,"height":420,"url":"https:\/\/germin.org\/wp-content\/uploads\/2021\/03\/WEB_Editorials-3-755x420-1.png","type":"image\/png"}],"author":"F\u00ebllanza Podrimja","twitter_card":"summary_large_image","twitter_misc":{"Written by":"F\u00ebllanza Podrimja","Est. reading time":"8 minutes"},"schema":{"@context":"https:\/\/schema.org","@graph":[{"@type":"Article","@id":"https:\/\/germin.org\/perspective-human-capital-brain-returns-and-foreign-direct-investment-in-the-digital-age\/#article","isPartOf":{"@id":"https:\/\/germin.org\/perspective-human-capital-brain-returns-and-foreign-direct-investment-in-the-digital-age\/"},"author":{"name":"F\u00ebllanza Podrimja","@id":"https:\/\/germin.org\/#\/schema\/person\/cb926417c8f6789bb442e7a920414dc5"},"headline":"Perspective: &#8220;Human Capital: Brain Returns and Foreign Direct Investment in the Digital Age&#8221;","datePublished":"2021-03-30T09:39:25+00:00","dateModified":"2025-05-28T16:13:07+00:00","mainEntityOfPage":{"@id":"https:\/\/germin.org\/perspective-human-capital-brain-returns-and-foreign-direct-investment-in-the-digital-age\/"},"wordCount":1614,"commentCount":0,"publisher":{"@id":"https:\/\/germin.org\/#organization"},"image":{"@id":"https:\/\/germin.org\/perspective-human-capital-brain-returns-and-foreign-direct-investment-in-the-digital-age\/#primaryimage"},"thumbnailUrl":"https:\/\/germin.org\/wp-content\/uploads\/2021\/03\/WEB_Editorials-3-755x420-1.png","keywords":["Fellenza Podrimja"],"articleSection":["Diaspora Briefings"],"inLanguage":"sq","potentialAction":[{"@type":"CommentAction","name":"Comment","target":["https:\/\/germin.org\/perspective-human-capital-brain-returns-and-foreign-direct-investment-in-the-digital-age\/#respond"]}]},{"@type":"WebPage","@id":"https:\/\/germin.org\/perspective-human-capital-brain-returns-and-foreign-direct-investment-in-the-digital-age\/","url":"https:\/\/germin.org\/perspective-human-capital-brain-returns-and-foreign-direct-investment-in-the-digital-age\/","name":"Perspective: \"Human Capital: Brain Returns and Foreign Direct Investment in the Digital Age\" - Germin","isPartOf":{"@id":"https:\/\/germin.org\/#website"},"primaryImageOfPage":{"@id":"https:\/\/germin.org\/perspective-human-capital-brain-returns-and-foreign-direct-investment-in-the-digital-age\/#primaryimage"},"image":{"@id":"https:\/\/germin.org\/perspective-human-capital-brain-returns-and-foreign-direct-investment-in-the-digital-age\/#primaryimage"},"thumbnailUrl":"https:\/\/germin.org\/wp-content\/uploads\/2021\/03\/WEB_Editorials-3-755x420-1.png","datePublished":"2021-03-30T09:39:25+00:00","dateModified":"2025-05-28T16:13:07+00:00","breadcrumb":{"@id":"https:\/\/germin.org\/perspective-human-capital-brain-returns-and-foreign-direct-investment-in-the-digital-age\/#breadcrumb"},"inLanguage":"sq","potentialAction":[{"@type":"ReadAction","target":["https:\/\/germin.org\/perspective-human-capital-brain-returns-and-foreign-direct-investment-in-the-digital-age\/"]}]},{"@type":"ImageObject","inLanguage":"sq","@id":"https:\/\/germin.org\/perspective-human-capital-brain-returns-and-foreign-direct-investment-in-the-digital-age\/#primaryimage","url":"https:\/\/germin.org\/wp-content\/uploads\/2021\/03\/WEB_Editorials-3-755x420-1.png","contentUrl":"https:\/\/germin.org\/wp-content\/uploads\/2021\/03\/WEB_Editorials-3-755x420-1.png","width":755,"height":420},{"@type":"BreadcrumbList","@id":"https:\/\/germin.org\/perspective-human-capital-brain-returns-and-foreign-direct-investment-in-the-digital-age\/#breadcrumb","itemListElement":[{"@type":"ListItem","position":1,"name":"Home","item":"https:\/\/germin.org\/"},{"@type":"ListItem","position":2,"name":"Perspective: &#8220;Human Capital: Brain Returns and Foreign Direct Investment in the Digital Age&#8221;"}]},{"@type":"WebSite","@id":"https:\/\/germin.org\/#website","url":"https:\/\/germin.org\/","name":"Germin","description":"Co-Creating the Future","publisher":{"@id":"https:\/\/germin.org\/#organization"},"potentialAction":[{"@type":"SearchAction","target":{"@type":"EntryPoint","urlTemplate":"https:\/\/germin.org\/?s={search_term_string}"},"query-input":{"@type":"PropertyValueSpecification","valueRequired":true,"valueName":"search_term_string"}}],"inLanguage":"sq"},{"@type":"Organization","@id":"https:\/\/germin.org\/#organization","name":"Germin","url":"https:\/\/germin.org\/","logo":{"@type":"ImageObject","inLanguage":"sq","@id":"https:\/\/germin.org\/#\/schema\/logo\/image\/","url":"https:\/\/germin.org\/wp-content\/uploads\/2025\/05\/Germin_Logo-1.svg","contentUrl":"https:\/\/germin.org\/wp-content\/uploads\/2025\/05\/Germin_Logo-1.svg","width":1282,"height":378,"caption":"Germin"},"image":{"@id":"https:\/\/germin.org\/#\/schema\/logo\/image\/"}},{"@type":"Person","@id":"https:\/\/germin.org\/#\/schema\/person\/cb926417c8f6789bb442e7a920414dc5","name":"F\u00ebllanza Podrimja","image":{"@type":"ImageObject","inLanguage":"sq","@id":"https:\/\/secure.gravatar.com\/avatar\/8cefb57717b35eda0e8fe9e49ea9eb23ea44a31b824d706786cdf41040a41c5e?s=96&d=mm&r=g","url":"https:\/\/secure.gravatar.com\/avatar\/8cefb57717b35eda0e8fe9e49ea9eb23ea44a31b824d706786cdf41040a41c5e?s=96&d=mm&r=g","contentUrl":"https:\/\/secure.gravatar.com\/avatar\/8cefb57717b35eda0e8fe9e49ea9eb23ea44a31b824d706786cdf41040a41c5e?s=96&d=mm&r=g","caption":"F\u00ebllanza Podrimja"},"url":"https:\/\/germin.org\/sq\/author\/fellanza-podrimaj\/"}]}},"_links":{"self":[{"href":"https:\/\/germin.org\/sq\/wp-json\/wp\/v2\/posts\/5592","targetHints":{"allow":["GET"]}}],"collection":[{"href":"https:\/\/germin.org\/sq\/wp-json\/wp\/v2\/posts"}],"about":[{"href":"https:\/\/germin.org\/sq\/wp-json\/wp\/v2\/types\/post"}],"author":[{"embeddable":true,"href":"https:\/\/germin.org\/sq\/wp-json\/wp\/v2\/users\/10"}],"replies":[{"embeddable":true,"href":"https:\/\/germin.org\/sq\/wp-json\/wp\/v2\/comments?post=5592"}],"version-history":[{"count":0,"href":"https:\/\/germin.org\/sq\/wp-json\/wp\/v2\/posts\/5592\/revisions"}],"wp:featuredmedia":[{"embeddable":true,"href":"https:\/\/germin.org\/sq\/wp-json\/wp\/v2\/media\/11077"}],"wp:attachment":[{"href":"https:\/\/germin.org\/sq\/wp-json\/wp\/v2\/media?parent=5592"}],"wp:term":[{"taxonomy":"category","embeddable":true,"href":"https:\/\/germin.org\/sq\/wp-json\/wp\/v2\/categories?post=5592"},{"taxonomy":"post_tag","embeddable":true,"href":"https:\/\/germin.org\/sq\/wp-json\/wp\/v2\/tags?post=5592"}],"curies":[{"name":"wp","href":"https:\/\/api.w.org\/{rel}","templated":true}]}}