{"id":5916,"date":"2021-07-07T09:27:19","date_gmt":"2021-07-07T09:27:19","guid":{"rendered":"https:\/\/germin.org\/?p=5916"},"modified":"2021-07-07T09:27:19","modified_gmt":"2021-07-07T09:27:19","slug":"diaspora-e-kosoves-viziton-itp-prizren","status":"publish","type":"post","link":"https:\/\/germin.org\/sq\/diaspora-e-kosoves-viziton-itp-prizren\/","title":{"rendered":"Diaspora e Kosov\u00ebs viziton ITP Prizren"},"content":{"rendered":"<p>Rreth 50 p\u00ebrfaq\u00ebsues t\u00eb diaspor\u00ebs \ud83c\uddfd\ud83c\uddf0 vizituan ITP Prizren p\u00ebr t\u00eb m\u00ebsuar m\u00eb shum\u00eb rreth mund\u00ebsive t\u00eb investimeve n\u00eb k\u00ebt\u00eb park.<\/p>\n<p>Pjes\u00ebmarr\u00ebsit vizituan ambientet kryesore t\u00eb ofruara nga ITP Prizren p\u00ebr bizneset q\u00eb d\u00ebshirojn\u00eb t\u00eb ofrojn\u00eb sh\u00ebrbime ose prodhim.<\/p>\n<p>Kjo vizit\u00eb \u00ebsht\u00eb pjes\u00eb e Konvent\u00ebs s\u00eb Biznesit t\u00eb Diaspor\u00ebs n\u00eb Kosov\u00eb q\u00eb u mbajt n\u00eb 2 &amp; 3 Korrik 2021, organizuar nga Rrjeti Global i Biznesit t\u00eb Diaspor\u00ebs Shqiptare dhe USAID Compete, n\u00eb partneritet me Germin dhe organizata t\u00eb tjera sektoriale.<\/p>\n<p>ITP Prizren do t\u00eb zhvilloj\u00eb nj\u00eb seri takimesh t\u00eb diaspor\u00ebs n\u00eb qytete t\u00eb ndryshme t\u00eb Evrop\u00ebs p\u00ebr t\u00eb prezantuar ITP si nj\u00eb mund\u00ebsi e re investimi n\u00eb Kosov\u00eb.<\/p>\n<blockquote class=\"instagram-media\" style=\"background: #FFF; border: 0; border-radius: 3px; box-shadow: 0 0 1px 0 rgba(0,0,0,0.5),0 1px 10px 0 rgba(0,0,0,0.15); margin: 1px; max-width: 540px; min-width: 326px; padding: 0; width: calc(100% - 2px);\" data-instgrm-captioned=\"\" data-instgrm-permalink=\"https:\/\/www.instagram.com\/p\/CRCUA8Xr7Cd\/?utm_source=ig_embed&amp;utm_campaign=loading\" data-instgrm-version=\"13\">\n<div style=\"padding: 16px;\">\n<p>&nbsp;<\/p>\n<div style=\"display: flex; flex-direction: row; align-items: center;\">\n<div style=\"background-color: #f4f4f4; border-radius: 50%; flex-grow: 0; height: 40px; margin-right: 14px; width: 40px;\"><\/div>\n<div style=\"display: flex; flex-direction: column; flex-grow: 1; justify-content: center;\">\n<div style=\"background-color: #f4f4f4; border-radius: 4px; flex-grow: 0; height: 14px; margin-bottom: 6px; width: 100px;\"><\/div>\n<div style=\"background-color: #f4f4f4; border-radius: 4px; flex-grow: 0; height: 14px; width: 60px;\"><\/div>\n<\/div>\n<\/div>\n<div style=\"padding: 19% 0;\"><\/div>\n<div style=\"display: block; height: 50px; margin: 0 auto 12px; width: 50px;\"><\/div>\n<div style=\"padding-top: 8px;\">\n<div style=\"color: #3897f0; font-family: Arial,sans-serif; font-size: 14px; font-style: normal; font-weight: 550; line-height: 18px;\">View this post on Instagram<\/div>\n<\/div>\n<div style=\"padding: 12.5% 0;\"><\/div>\n<div style=\"display: flex; flex-direction: row; margin-bottom: 14px; align-items: center;\">\n<div>\n<div style=\"background-color: #f4f4f4; border-radius: 50%; height: 12.5px; width: 12.5px; transform: translateX(0px) translateY(7px);\"><\/div>\n<div style=\"background-color: #f4f4f4; height: 12.5px; transform: rotate(-45deg) translateX(3px) translateY(1px); width: 12.5px; flex-grow: 0; margin-right: 14px; margin-left: 2px;\"><\/div>\n<div style=\"background-color: #f4f4f4; border-radius: 50%; height: 12.5px; width: 12.5px; transform: translateX(9px) translateY(-18px);\"><\/div>\n<\/div>\n<div style=\"margin-left: 8px;\">\n<div style=\"background-color: #f4f4f4; border-radius: 50%; flex-grow: 0; height: 20px; width: 20px;\"><\/div>\n<div style=\"width: 0; height: 0; border-top: 2px solid transparent; border-left: 6px solid #f4f4f4; border-bottom: 2px solid transparent; transform: translateX(16px) translateY(-4px) rotate(30deg);\"><\/div>\n<\/div>\n<div style=\"margin-left: auto;\">\n<div style=\"width: 0px; border-top: 8px solid #F4F4F4; border-right: 8px solid transparent; transform: translateY(16px);\"><\/div>\n<div style=\"background-color: #f4f4f4; flex-grow: 0; height: 12px; width: 16px; transform: translateY(-4px);\"><\/div>\n<div style=\"width: 0; height: 0; border-top: 8px solid #F4F4F4; border-left: 8px solid transparent; transform: translateY(-4px) translateX(8px);\"><\/div>\n<\/div>\n<\/div>\n<div style=\"display: flex; flex-direction: column; flex-grow: 1; justify-content: center; margin-bottom: 24px;\">\n<div style=\"background-color: #f4f4f4; border-radius: 4px; flex-grow: 0; height: 14px; margin-bottom: 6px; width: 224px;\"><\/div>\n<div style=\"background-color: #f4f4f4; border-radius: 4px; flex-grow: 0; height: 14px; width: 144px;\"><\/div>\n<\/div>\n<p>&nbsp;<\/p>\n<p style=\"color: #c9c8cd; font-family: Arial,sans-serif; font-size: 14px; line-height: 17px; margin-bottom: 0; margin-top: 8px; overflow: hidden; padding: 8px 0 7px; text-align: center; text-overflow: ellipsis; white-space: nowrap;\"><a style=\"color: #c9c8cd; font-family: Arial,sans-serif; font-size: 14px; font-style: normal; font-weight: normal; line-height: 17px; text-decoration: none;\" href=\"https:\/\/www.instagram.com\/p\/CRCUA8Xr7Cd\/?utm_source=ig_embed&amp;utm_campaign=loading\" target=\"_blank\" rel=\"noopener\">A post shared by NGO Germin (@germinngo)<\/a><\/p>\n<\/div>\n<\/blockquote>\n<p><script async src=\"\/\/www.instagram.com\/embed.js\"><\/script><\/p>","protected":false},"excerpt":{"rendered":"<p>Rreth 50 p\u00ebrfaq\u00ebsues t\u00eb diaspor\u00ebs \ud83c\uddfd\ud83c\uddf0 vizituan ITP Prizren p\u00ebr t\u00eb m\u00ebsuar m\u00eb shum\u00eb rreth mund\u00ebsive t\u00eb investimeve n\u00eb k\u00ebt\u00eb park. Pjes\u00ebmarr\u00ebsit vizituan ambientet kryesore t\u00eb ofruara nga ITP Prizren p\u00ebr bizneset q\u00eb d\u00ebshirojn\u00eb t\u00eb ofrojn\u00eb sh\u00ebrbime ose prodhim. Kjo vizit\u00eb \u00ebsht\u00eb pjes\u00eb e Konvent\u00ebs s\u00eb Biznesit t\u00eb Diaspor\u00ebs n\u00eb Kosov\u00eb q\u00eb u mbajt n\u00eb [&hellip;]<\/p>\n","protected":false},"author":1,"featured_media":5917,"comment_status":"open","ping_status":"open","sticky":false,"template":"","format":"standard","meta":{"_acf_changed":false,"footnotes":""},"categories":[40],"tags":[],"class_list":["post-5916","post","type-post","status-publish","format-standard","has-post-thumbnail","hentry","category-news"],"acf":[],"yoast_head":"<!-- This site is optimized with the Yoast SEO plugin v27.4 - https:\/\/yoast.com\/product\/yoast-seo-wordpress\/ -->\n<title>Diaspora e Kosov\u00ebs viziton ITP Prizren - Germin<\/title>\n<meta name=\"robots\" content=\"index, follow, max-snippet:-1, max-image-preview:large, max-video-preview:-1\" \/>\n<link rel=\"canonical\" href=\"https:\/\/germin.org\/sq\/diaspora-e-kosoves-viziton-itp-prizren\/\" \/>\n<meta property=\"og:locale\" content=\"sq_AL\" \/>\n<meta property=\"og:type\" content=\"article\" \/>\n<meta property=\"og:title\" content=\"Diaspora e Kosov\u00ebs viziton ITP Prizren - Germin\" \/>\n<meta property=\"og:description\" content=\"Rreth 50 p\u00ebrfaq\u00ebsues t\u00eb diaspor\u00ebs \ud83c\uddfd\ud83c\uddf0 vizituan ITP Prizren p\u00ebr t\u00eb m\u00ebsuar m\u00eb shum\u00eb rreth mund\u00ebsive t\u00eb investimeve n\u00eb k\u00ebt\u00eb park. Pjes\u00ebmarr\u00ebsit vizituan ambientet kryesore t\u00eb ofruara nga ITP Prizren p\u00ebr bizneset q\u00eb d\u00ebshirojn\u00eb t\u00eb ofrojn\u00eb sh\u00ebrbime ose prodhim. Kjo vizit\u00eb \u00ebsht\u00eb pjes\u00eb e Konvent\u00ebs s\u00eb Biznesit t\u00eb Diaspor\u00ebs n\u00eb Kosov\u00eb q\u00eb u mbajt n\u00eb [&hellip;]\" \/>\n<meta property=\"og:url\" content=\"https:\/\/germin.org\/sq\/diaspora-e-kosoves-viziton-itp-prizren\/\" \/>\n<meta property=\"og:site_name\" content=\"Germin\" \/>\n<meta property=\"article:published_time\" content=\"2021-07-07T09:27:19+00:00\" \/>\n<meta property=\"og:image\" content=\"https:\/\/germin.org\/wp-content\/uploads\/2021\/07\/211760829_545665373133228_280788342337223516_n.jpg\" \/>\n\t<meta property=\"og:image:width\" content=\"727\" \/>\n\t<meta property=\"og:image:height\" content=\"510\" \/>\n\t<meta property=\"og:image:type\" content=\"image\/jpeg\" \/>\n<meta name=\"author\" content=\"admin\" \/>\n<meta name=\"twitter:card\" content=\"summary_large_image\" \/>\n<meta name=\"twitter:label1\" content=\"Written by\" \/>\n\t<meta name=\"twitter:data1\" content=\"admin\" \/>\n\t<meta name=\"twitter:label2\" content=\"Est. reading time\" \/>\n\t<meta name=\"twitter:data2\" content=\"1 minute\" \/>\n<script type=\"application\/ld+json\" class=\"yoast-schema-graph\">{\"@context\":\"https:\\\/\\\/schema.org\",\"@graph\":[{\"@type\":\"Article\",\"@id\":\"https:\\\/\\\/germin.org\\\/diaspora-e-kosoves-viziton-itp-prizren\\\/#article\",\"isPartOf\":{\"@id\":\"https:\\\/\\\/germin.org\\\/diaspora-e-kosoves-viziton-itp-prizren\\\/\"},\"author\":{\"name\":\"admin\",\"@id\":\"https:\\\/\\\/germin.org\\\/#\\\/schema\\\/person\\\/e8d8cc608a68d517f9a0fee07ceecd36\"},\"headline\":\"Diaspora e Kosov\u00ebs viziton ITP Prizren\",\"datePublished\":\"2021-07-07T09:27:19+00:00\",\"mainEntityOfPage\":{\"@id\":\"https:\\\/\\\/germin.org\\\/diaspora-e-kosoves-viziton-itp-prizren\\\/\"},\"wordCount\":144,\"commentCount\":0,\"publisher\":{\"@id\":\"https:\\\/\\\/germin.org\\\/#organization\"},\"image\":{\"@id\":\"https:\\\/\\\/germin.org\\\/diaspora-e-kosoves-viziton-itp-prizren\\\/#primaryimage\"},\"thumbnailUrl\":\"https:\\\/\\\/germin.org\\\/wp-content\\\/uploads\\\/2021\\\/07\\\/211760829_545665373133228_280788342337223516_n.jpg\",\"articleSection\":[\"News\"],\"inLanguage\":\"sq\",\"potentialAction\":[{\"@type\":\"CommentAction\",\"name\":\"Comment\",\"target\":[\"https:\\\/\\\/germin.org\\\/diaspora-e-kosoves-viziton-itp-prizren\\\/#respond\"]}]},{\"@type\":\"WebPage\",\"@id\":\"https:\\\/\\\/germin.org\\\/diaspora-e-kosoves-viziton-itp-prizren\\\/\",\"url\":\"https:\\\/\\\/germin.org\\\/diaspora-e-kosoves-viziton-itp-prizren\\\/\",\"name\":\"Diaspora e Kosov\u00ebs viziton ITP Prizren - Germin\",\"isPartOf\":{\"@id\":\"https:\\\/\\\/germin.org\\\/#website\"},\"primaryImageOfPage\":{\"@id\":\"https:\\\/\\\/germin.org\\\/diaspora-e-kosoves-viziton-itp-prizren\\\/#primaryimage\"},\"image\":{\"@id\":\"https:\\\/\\\/germin.org\\\/diaspora-e-kosoves-viziton-itp-prizren\\\/#primaryimage\"},\"thumbnailUrl\":\"https:\\\/\\\/germin.org\\\/wp-content\\\/uploads\\\/2021\\\/07\\\/211760829_545665373133228_280788342337223516_n.jpg\",\"datePublished\":\"2021-07-07T09:27:19+00:00\",\"breadcrumb\":{\"@id\":\"https:\\\/\\\/germin.org\\\/diaspora-e-kosoves-viziton-itp-prizren\\\/#breadcrumb\"},\"inLanguage\":\"sq\",\"potentialAction\":[{\"@type\":\"ReadAction\",\"target\":[\"https:\\\/\\\/germin.org\\\/diaspora-e-kosoves-viziton-itp-prizren\\\/\"]}]},{\"@type\":\"ImageObject\",\"inLanguage\":\"sq\",\"@id\":\"https:\\\/\\\/germin.org\\\/diaspora-e-kosoves-viziton-itp-prizren\\\/#primaryimage\",\"url\":\"https:\\\/\\\/germin.org\\\/wp-content\\\/uploads\\\/2021\\\/07\\\/211760829_545665373133228_280788342337223516_n.jpg\",\"contentUrl\":\"https:\\\/\\\/germin.org\\\/wp-content\\\/uploads\\\/2021\\\/07\\\/211760829_545665373133228_280788342337223516_n.jpg\",\"width\":727,\"height\":510},{\"@type\":\"BreadcrumbList\",\"@id\":\"https:\\\/\\\/germin.org\\\/diaspora-e-kosoves-viziton-itp-prizren\\\/#breadcrumb\",\"itemListElement\":[{\"@type\":\"ListItem\",\"position\":1,\"name\":\"Home\",\"item\":\"https:\\\/\\\/germin.org\\\/\"},{\"@type\":\"ListItem\",\"position\":2,\"name\":\"Diaspora e Kosov\u00ebs viziton ITP Prizren\"}]},{\"@type\":\"WebSite\",\"@id\":\"https:\\\/\\\/germin.org\\\/#website\",\"url\":\"https:\\\/\\\/germin.org\\\/\",\"name\":\"Germin\",\"description\":\"Co-Creating the Future\",\"publisher\":{\"@id\":\"https:\\\/\\\/germin.org\\\/#organization\"},\"potentialAction\":[{\"@type\":\"SearchAction\",\"target\":{\"@type\":\"EntryPoint\",\"urlTemplate\":\"https:\\\/\\\/germin.org\\\/?s={search_term_string}\"},\"query-input\":{\"@type\":\"PropertyValueSpecification\",\"valueRequired\":true,\"valueName\":\"search_term_string\"}}],\"inLanguage\":\"sq\"},{\"@type\":\"Organization\",\"@id\":\"https:\\\/\\\/germin.org\\\/#organization\",\"name\":\"Germin\",\"url\":\"https:\\\/\\\/germin.org\\\/\",\"logo\":{\"@type\":\"ImageObject\",\"inLanguage\":\"sq\",\"@id\":\"https:\\\/\\\/germin.org\\\/#\\\/schema\\\/logo\\\/image\\\/\",\"url\":\"https:\\\/\\\/germin.org\\\/wp-content\\\/uploads\\\/2025\\\/05\\\/Germin_Logo-1.svg\",\"contentUrl\":\"https:\\\/\\\/germin.org\\\/wp-content\\\/uploads\\\/2025\\\/05\\\/Germin_Logo-1.svg\",\"width\":1282,\"height\":378,\"caption\":\"Germin\"},\"image\":{\"@id\":\"https:\\\/\\\/germin.org\\\/#\\\/schema\\\/logo\\\/image\\\/\"}},{\"@type\":\"Person\",\"@id\":\"https:\\\/\\\/germin.org\\\/#\\\/schema\\\/person\\\/e8d8cc608a68d517f9a0fee07ceecd36\",\"name\":\"admin\",\"image\":{\"@type\":\"ImageObject\",\"inLanguage\":\"sq\",\"@id\":\"https:\\\/\\\/secure.gravatar.com\\\/avatar\\\/7f2ea56e3c3d76eaa58c6b5bf4c22591cb49c03b8b6b3232a7ac93492efeff3a?s=96&d=mm&r=g\",\"url\":\"https:\\\/\\\/secure.gravatar.com\\\/avatar\\\/7f2ea56e3c3d76eaa58c6b5bf4c22591cb49c03b8b6b3232a7ac93492efeff3a?s=96&d=mm&r=g\",\"contentUrl\":\"https:\\\/\\\/secure.gravatar.com\\\/avatar\\\/7f2ea56e3c3d76eaa58c6b5bf4c22591cb49c03b8b6b3232a7ac93492efeff3a?s=96&d=mm&r=g\",\"caption\":\"admin\"},\"sameAs\":[\"https:\\\/\\\/germin.org\"],\"url\":\"https:\\\/\\\/germin.org\\\/sq\\\/author\\\/shpatferizi_kplna5o5\\\/\"}]}<\/script>\n<!-- \/ Yoast SEO plugin. -->","yoast_head_json":{"title":"Diaspora e Kosov\u00ebs viziton ITP Prizren - Germin","robots":{"index":"index","follow":"follow","max-snippet":"max-snippet:-1","max-image-preview":"max-image-preview:large","max-video-preview":"max-video-preview:-1"},"canonical":"https:\/\/germin.org\/sq\/diaspora-e-kosoves-viziton-itp-prizren\/","og_locale":"sq_AL","og_type":"article","og_title":"Diaspora e Kosov\u00ebs viziton ITP Prizren - Germin","og_description":"Rreth 50 p\u00ebrfaq\u00ebsues t\u00eb diaspor\u00ebs \ud83c\uddfd\ud83c\uddf0 vizituan ITP Prizren p\u00ebr t\u00eb m\u00ebsuar m\u00eb shum\u00eb rreth mund\u00ebsive t\u00eb investimeve n\u00eb k\u00ebt\u00eb park. Pjes\u00ebmarr\u00ebsit vizituan ambientet kryesore t\u00eb ofruara nga ITP Prizren p\u00ebr bizneset q\u00eb d\u00ebshirojn\u00eb t\u00eb ofrojn\u00eb sh\u00ebrbime ose prodhim. Kjo vizit\u00eb \u00ebsht\u00eb pjes\u00eb e Konvent\u00ebs s\u00eb Biznesit t\u00eb Diaspor\u00ebs n\u00eb Kosov\u00eb q\u00eb u mbajt n\u00eb [&hellip;]","og_url":"https:\/\/germin.org\/sq\/diaspora-e-kosoves-viziton-itp-prizren\/","og_site_name":"Germin","article_published_time":"2021-07-07T09:27:19+00:00","og_image":[{"width":727,"height":510,"url":"https:\/\/germin.org\/wp-content\/uploads\/2021\/07\/211760829_545665373133228_280788342337223516_n.jpg","type":"image\/jpeg"}],"author":"admin","twitter_card":"summary_large_image","twitter_misc":{"Written by":"admin","Est. reading time":"1 minute"},"schema":{"@context":"https:\/\/schema.org","@graph":[{"@type":"Article","@id":"https:\/\/germin.org\/diaspora-e-kosoves-viziton-itp-prizren\/#article","isPartOf":{"@id":"https:\/\/germin.org\/diaspora-e-kosoves-viziton-itp-prizren\/"},"author":{"name":"admin","@id":"https:\/\/germin.org\/#\/schema\/person\/e8d8cc608a68d517f9a0fee07ceecd36"},"headline":"Diaspora e Kosov\u00ebs viziton ITP Prizren","datePublished":"2021-07-07T09:27:19+00:00","mainEntityOfPage":{"@id":"https:\/\/germin.org\/diaspora-e-kosoves-viziton-itp-prizren\/"},"wordCount":144,"commentCount":0,"publisher":{"@id":"https:\/\/germin.org\/#organization"},"image":{"@id":"https:\/\/germin.org\/diaspora-e-kosoves-viziton-itp-prizren\/#primaryimage"},"thumbnailUrl":"https:\/\/germin.org\/wp-content\/uploads\/2021\/07\/211760829_545665373133228_280788342337223516_n.jpg","articleSection":["News"],"inLanguage":"sq","potentialAction":[{"@type":"CommentAction","name":"Comment","target":["https:\/\/germin.org\/diaspora-e-kosoves-viziton-itp-prizren\/#respond"]}]},{"@type":"WebPage","@id":"https:\/\/germin.org\/diaspora-e-kosoves-viziton-itp-prizren\/","url":"https:\/\/germin.org\/diaspora-e-kosoves-viziton-itp-prizren\/","name":"Diaspora e Kosov\u00ebs viziton ITP Prizren - Germin","isPartOf":{"@id":"https:\/\/germin.org\/#website"},"primaryImageOfPage":{"@id":"https:\/\/germin.org\/diaspora-e-kosoves-viziton-itp-prizren\/#primaryimage"},"image":{"@id":"https:\/\/germin.org\/diaspora-e-kosoves-viziton-itp-prizren\/#primaryimage"},"thumbnailUrl":"https:\/\/germin.org\/wp-content\/uploads\/2021\/07\/211760829_545665373133228_280788342337223516_n.jpg","datePublished":"2021-07-07T09:27:19+00:00","breadcrumb":{"@id":"https:\/\/germin.org\/diaspora-e-kosoves-viziton-itp-prizren\/#breadcrumb"},"inLanguage":"sq","potentialAction":[{"@type":"ReadAction","target":["https:\/\/germin.org\/diaspora-e-kosoves-viziton-itp-prizren\/"]}]},{"@type":"ImageObject","inLanguage":"sq","@id":"https:\/\/germin.org\/diaspora-e-kosoves-viziton-itp-prizren\/#primaryimage","url":"https:\/\/germin.org\/wp-content\/uploads\/2021\/07\/211760829_545665373133228_280788342337223516_n.jpg","contentUrl":"https:\/\/germin.org\/wp-content\/uploads\/2021\/07\/211760829_545665373133228_280788342337223516_n.jpg","width":727,"height":510},{"@type":"BreadcrumbList","@id":"https:\/\/germin.org\/diaspora-e-kosoves-viziton-itp-prizren\/#breadcrumb","itemListElement":[{"@type":"ListItem","position":1,"name":"Home","item":"https:\/\/germin.org\/"},{"@type":"ListItem","position":2,"name":"Diaspora e Kosov\u00ebs viziton ITP Prizren"}]},{"@type":"WebSite","@id":"https:\/\/germin.org\/#website","url":"https:\/\/germin.org\/","name":"Germin","description":"Co-Creating the Future","publisher":{"@id":"https:\/\/germin.org\/#organization"},"potentialAction":[{"@type":"SearchAction","target":{"@type":"EntryPoint","urlTemplate":"https:\/\/germin.org\/?s={search_term_string}"},"query-input":{"@type":"PropertyValueSpecification","valueRequired":true,"valueName":"search_term_string"}}],"inLanguage":"sq"},{"@type":"Organization","@id":"https:\/\/germin.org\/#organization","name":"Germin","url":"https:\/\/germin.org\/","logo":{"@type":"ImageObject","inLanguage":"sq","@id":"https:\/\/germin.org\/#\/schema\/logo\/image\/","url":"https:\/\/germin.org\/wp-content\/uploads\/2025\/05\/Germin_Logo-1.svg","contentUrl":"https:\/\/germin.org\/wp-content\/uploads\/2025\/05\/Germin_Logo-1.svg","width":1282,"height":378,"caption":"Germin"},"image":{"@id":"https:\/\/germin.org\/#\/schema\/logo\/image\/"}},{"@type":"Person","@id":"https:\/\/germin.org\/#\/schema\/person\/e8d8cc608a68d517f9a0fee07ceecd36","name":"admin","image":{"@type":"ImageObject","inLanguage":"sq","@id":"https:\/\/secure.gravatar.com\/avatar\/7f2ea56e3c3d76eaa58c6b5bf4c22591cb49c03b8b6b3232a7ac93492efeff3a?s=96&d=mm&r=g","url":"https:\/\/secure.gravatar.com\/avatar\/7f2ea56e3c3d76eaa58c6b5bf4c22591cb49c03b8b6b3232a7ac93492efeff3a?s=96&d=mm&r=g","contentUrl":"https:\/\/secure.gravatar.com\/avatar\/7f2ea56e3c3d76eaa58c6b5bf4c22591cb49c03b8b6b3232a7ac93492efeff3a?s=96&d=mm&r=g","caption":"admin"},"sameAs":["https:\/\/germin.org"],"url":"https:\/\/germin.org\/sq\/author\/shpatferizi_kplna5o5\/"}]}},"_links":{"self":[{"href":"https:\/\/germin.org\/sq\/wp-json\/wp\/v2\/posts\/5916","targetHints":{"allow":["GET"]}}],"collection":[{"href":"https:\/\/germin.org\/sq\/wp-json\/wp\/v2\/posts"}],"about":[{"href":"https:\/\/germin.org\/sq\/wp-json\/wp\/v2\/types\/post"}],"author":[{"embeddable":true,"href":"https:\/\/germin.org\/sq\/wp-json\/wp\/v2\/users\/1"}],"replies":[{"embeddable":true,"href":"https:\/\/germin.org\/sq\/wp-json\/wp\/v2\/comments?post=5916"}],"version-history":[{"count":0,"href":"https:\/\/germin.org\/sq\/wp-json\/wp\/v2\/posts\/5916\/revisions"}],"wp:featuredmedia":[{"embeddable":true,"href":"https:\/\/germin.org\/sq\/wp-json\/wp\/v2\/media\/5917"}],"wp:attachment":[{"href":"https:\/\/germin.org\/sq\/wp-json\/wp\/v2\/media?parent=5916"}],"wp:term":[{"taxonomy":"category","embeddable":true,"href":"https:\/\/germin.org\/sq\/wp-json\/wp\/v2\/categories?post=5916"},{"taxonomy":"post_tag","embeddable":true,"href":"https:\/\/germin.org\/sq\/wp-json\/wp\/v2\/tags?post=5916"}],"curies":[{"name":"wp","href":"https:\/\/api.w.org\/{rel}","templated":true}]}}