{"id":5974,"date":"2021-07-27T09:21:14","date_gmt":"2021-07-27T09:21:14","guid":{"rendered":"https:\/\/germin.org\/?p=5974"},"modified":"2025-05-28T13:29:19","modified_gmt":"2025-05-28T13:29:19","slug":"global-albanians-youth-movement-report","status":"publish","type":"post","link":"https:\/\/germin.org\/sq\/global-albanians-youth-movement-report\/","title":{"rendered":"Raporti i Anket\u00ebs: L\u00ebvizja Globale e Rinis\u00eb Shqiptare"},"content":{"rendered":"<p class=\"translation-block\"><span style=\"font-weight: 400\">Potenciali i diaspor\u00ebs p\u00ebr t\u00eb nxitur dhe promovuar zhvillimin n\u00eb vendet e tyre t\u00eb origjin\u00ebs ka fituar interes t\u00eb konsideruesh\u00ebm n\u00eb vitet e fundit. Shumica e studimeve mbi diaspor\u00ebn dhe kontributin e tyre n\u00eb zhvillimin e vendeve t\u00eb tyre p\u00ebrqendrohen n\u00eb remitancat si nj\u00eb faktor p\u00ebr zhvillim. Megjithat\u00eb, ka pak ose aspak k\u00ebrkime mbi interesat dhe perceptimet e gjeneratave t\u00eb reja q\u00eb jetojn\u00eb n\u00eb diaspor\u00eb lidhur me lidhjen e tyre me vendin e origjin\u00ebs.<\/span><span style=\"font-weight: 400\"> Kjo anket\u00eb synon t\u00eb krijoj\u00eb nj\u00eb Rrjet Global t\u00eb rinis\u00eb shqiptare. Rezultatet paraqesin nj\u00eb pasqyr\u00eb t\u00eb q\u00ebndrimeve dhe sjelljeve \u2013 duke p\u00ebrfshir\u00eb mendimet, opinionet dhe komentet \u2013 t\u00eb rinis\u00eb shqiptare n\u00eb mbar\u00eb bot\u00ebn.<\/span><\/p>\n<p><span style=\"font-weight: 400;\">Ky feedback \u00ebsht\u00eb baza p\u00ebr t\u00eb matur dhe krijuar nj\u00eb standard nga i cili do t\u00eb krahasohen rezultatet me kalimin e koh\u00ebs. L\u00ebvizja synon t\u00eb promovoj\u00eb ndryshime pozitive n\u00eb komunitetet shqiptare n\u00eb mbar\u00eb bot\u00ebn duke identifikuar, lidhur dhe angazhuar t\u00eb rinjt\u00eb shqiptar\u00eb (grupe moshe 14-18, 19-24, 25-30) si n\u00eb vendet e origjin\u00ebs (Shqip\u00ebri, Kosov\u00eb, Maqedoni e Veriut, Mal i Zi, Lugina e Preshev\u00ebs) ashtu edhe n\u00eb diaspor\u00eb, p\u00ebrmes programeve gjuh\u00ebsore, kulturore, trash\u00ebgimore, personale dhe zhvillimi profesional. P\u00ebr t\u00eb arritur k\u00ebto objektiva, projekti p\u00ebrfshin nj\u00eb studim k\u00ebrkimor p\u00ebr t\u00eb krijuar nj\u00eb kuptim t\u00eb p\u00ebrgjithsh\u00ebm t\u00eb potencialit p\u00ebr bashk\u00ebpunim dhe angazhim midis t\u00eb rinjve t\u00eb diaspor\u00ebs dhe atyre t\u00eb vendlindjes.<\/span><\/p>\n<p class=\"translation-block\">Lexoni raportin e plot\u00eb k\u00ebtu: <a href=\"https:\/\/germin.org\/wp-content\/uploads\/2021\/07\/youth-copy.pdf\" target=\"_self\">L\u00ebvizja Globale e Rinis\u00eb Shqiptare \u2013 Raporti K\u00ebrkimor<\/a><\/p>","protected":false},"excerpt":{"rendered":"<p>The potential of the diaspora to stimulate and promote development in their homelands has gained significant interest in recent years. Most of the studies on diaspora and their contribution to the development of their home countries focus on remittances as a factor for development. However, there is little to no research made into the interests [&hellip;]<\/p>\n","protected":false},"author":1,"featured_media":8647,"comment_status":"open","ping_status":"open","sticky":false,"template":"","format":"standard","meta":{"_acf_changed":false,"footnotes":""},"categories":[15],"tags":[],"class_list":["post-5974","post","type-post","status-publish","format-standard","has-post-thumbnail","hentry","category-policy-analysis-en"],"acf":[],"yoast_head":"<!-- This site is optimized with the Yoast SEO plugin v27.4 - https:\/\/yoast.com\/product\/yoast-seo-wordpress\/ -->\n<title>Survey Report: Global Albanians Youth Movement - Germin<\/title>\n<meta name=\"description\" content=\"This valuable feedback is the baseline to measure and establish a benchmark from which to compare results over time.\" \/>\n<meta name=\"robots\" content=\"index, follow, max-snippet:-1, max-image-preview:large, max-video-preview:-1\" \/>\n<link rel=\"canonical\" href=\"https:\/\/germin.org\/sq\/global-albanians-youth-movement-report\/\" \/>\n<meta property=\"og:locale\" content=\"sq_AL\" \/>\n<meta property=\"og:type\" content=\"article\" \/>\n<meta property=\"og:title\" content=\"Survey Report: Global Albanians Youth Movement - Germin\" \/>\n<meta property=\"og:description\" content=\"This valuable feedback is the baseline to measure and establish a benchmark from which to compare results over time.\" \/>\n<meta property=\"og:url\" content=\"https:\/\/germin.org\/sq\/global-albanians-youth-movement-report\/\" \/>\n<meta property=\"og:site_name\" content=\"Germin\" \/>\n<meta property=\"article:published_time\" content=\"2021-07-27T09:21:14+00:00\" \/>\n<meta property=\"article:modified_time\" content=\"2025-05-28T13:29:19+00:00\" \/>\n<meta property=\"og:image\" content=\"https:\/\/germin.org\/wp-content\/uploads\/2021\/07\/ARTIKULLI-4-COVER.jpg\" \/>\n\t<meta property=\"og:image:width\" content=\"1499\" \/>\n\t<meta property=\"og:image:height\" content=\"1000\" \/>\n\t<meta property=\"og:image:type\" content=\"image\/jpeg\" \/>\n<meta name=\"author\" content=\"admin\" \/>\n<meta name=\"twitter:card\" content=\"summary_large_image\" \/>\n<meta name=\"twitter:label1\" content=\"Written by\" \/>\n\t<meta name=\"twitter:data1\" content=\"admin\" \/>\n\t<meta name=\"twitter:label2\" content=\"Est. reading time\" \/>\n\t<meta name=\"twitter:data2\" content=\"1 minute\" \/>\n<script type=\"application\/ld+json\" class=\"yoast-schema-graph\">{\"@context\":\"https:\\\/\\\/schema.org\",\"@graph\":[{\"@type\":\"Article\",\"@id\":\"https:\\\/\\\/germin.org\\\/global-albanians-youth-movement-report\\\/#article\",\"isPartOf\":{\"@id\":\"https:\\\/\\\/germin.org\\\/global-albanians-youth-movement-report\\\/\"},\"author\":{\"name\":\"admin\",\"@id\":\"https:\\\/\\\/germin.org\\\/#\\\/schema\\\/person\\\/e8d8cc608a68d517f9a0fee07ceecd36\"},\"headline\":\"Survey Report: Global Albanians Youth Movement\",\"datePublished\":\"2021-07-27T09:21:14+00:00\",\"dateModified\":\"2025-05-28T13:29:19+00:00\",\"mainEntityOfPage\":{\"@id\":\"https:\\\/\\\/germin.org\\\/global-albanians-youth-movement-report\\\/\"},\"wordCount\":220,\"commentCount\":0,\"publisher\":{\"@id\":\"https:\\\/\\\/germin.org\\\/#organization\"},\"image\":{\"@id\":\"https:\\\/\\\/germin.org\\\/global-albanians-youth-movement-report\\\/#primaryimage\"},\"thumbnailUrl\":\"https:\\\/\\\/germin.org\\\/wp-content\\\/uploads\\\/2021\\\/07\\\/ARTIKULLI-4-COVER.jpg\",\"articleSection\":[\"Policy Analysis\"],\"inLanguage\":\"sq\",\"potentialAction\":[{\"@type\":\"CommentAction\",\"name\":\"Comment\",\"target\":[\"https:\\\/\\\/germin.org\\\/global-albanians-youth-movement-report\\\/#respond\"]}]},{\"@type\":\"WebPage\",\"@id\":\"https:\\\/\\\/germin.org\\\/global-albanians-youth-movement-report\\\/\",\"url\":\"https:\\\/\\\/germin.org\\\/global-albanians-youth-movement-report\\\/\",\"name\":\"Survey Report: Global Albanians Youth Movement - Germin\",\"isPartOf\":{\"@id\":\"https:\\\/\\\/germin.org\\\/#website\"},\"primaryImageOfPage\":{\"@id\":\"https:\\\/\\\/germin.org\\\/global-albanians-youth-movement-report\\\/#primaryimage\"},\"image\":{\"@id\":\"https:\\\/\\\/germin.org\\\/global-albanians-youth-movement-report\\\/#primaryimage\"},\"thumbnailUrl\":\"https:\\\/\\\/germin.org\\\/wp-content\\\/uploads\\\/2021\\\/07\\\/ARTIKULLI-4-COVER.jpg\",\"datePublished\":\"2021-07-27T09:21:14+00:00\",\"dateModified\":\"2025-05-28T13:29:19+00:00\",\"description\":\"This valuable feedback is the baseline to measure and establish a benchmark from which to compare results over time.\",\"breadcrumb\":{\"@id\":\"https:\\\/\\\/germin.org\\\/global-albanians-youth-movement-report\\\/#breadcrumb\"},\"inLanguage\":\"sq\",\"potentialAction\":[{\"@type\":\"ReadAction\",\"target\":[\"https:\\\/\\\/germin.org\\\/global-albanians-youth-movement-report\\\/\"]}]},{\"@type\":\"ImageObject\",\"inLanguage\":\"sq\",\"@id\":\"https:\\\/\\\/germin.org\\\/global-albanians-youth-movement-report\\\/#primaryimage\",\"url\":\"https:\\\/\\\/germin.org\\\/wp-content\\\/uploads\\\/2021\\\/07\\\/ARTIKULLI-4-COVER.jpg\",\"contentUrl\":\"https:\\\/\\\/germin.org\\\/wp-content\\\/uploads\\\/2021\\\/07\\\/ARTIKULLI-4-COVER.jpg\",\"width\":1499,\"height\":1000},{\"@type\":\"BreadcrumbList\",\"@id\":\"https:\\\/\\\/germin.org\\\/global-albanians-youth-movement-report\\\/#breadcrumb\",\"itemListElement\":[{\"@type\":\"ListItem\",\"position\":1,\"name\":\"Home\",\"item\":\"https:\\\/\\\/germin.org\\\/\"},{\"@type\":\"ListItem\",\"position\":2,\"name\":\"Survey Report: Global Albanians Youth Movement\"}]},{\"@type\":\"WebSite\",\"@id\":\"https:\\\/\\\/germin.org\\\/#website\",\"url\":\"https:\\\/\\\/germin.org\\\/\",\"name\":\"Germin\",\"description\":\"Co-Creating the Future\",\"publisher\":{\"@id\":\"https:\\\/\\\/germin.org\\\/#organization\"},\"potentialAction\":[{\"@type\":\"SearchAction\",\"target\":{\"@type\":\"EntryPoint\",\"urlTemplate\":\"https:\\\/\\\/germin.org\\\/?s={search_term_string}\"},\"query-input\":{\"@type\":\"PropertyValueSpecification\",\"valueRequired\":true,\"valueName\":\"search_term_string\"}}],\"inLanguage\":\"sq\"},{\"@type\":\"Organization\",\"@id\":\"https:\\\/\\\/germin.org\\\/#organization\",\"name\":\"Germin\",\"url\":\"https:\\\/\\\/germin.org\\\/\",\"logo\":{\"@type\":\"ImageObject\",\"inLanguage\":\"sq\",\"@id\":\"https:\\\/\\\/germin.org\\\/#\\\/schema\\\/logo\\\/image\\\/\",\"url\":\"https:\\\/\\\/germin.org\\\/wp-content\\\/uploads\\\/2025\\\/05\\\/Germin_Logo-1.svg\",\"contentUrl\":\"https:\\\/\\\/germin.org\\\/wp-content\\\/uploads\\\/2025\\\/05\\\/Germin_Logo-1.svg\",\"width\":1282,\"height\":378,\"caption\":\"Germin\"},\"image\":{\"@id\":\"https:\\\/\\\/germin.org\\\/#\\\/schema\\\/logo\\\/image\\\/\"}},{\"@type\":\"Person\",\"@id\":\"https:\\\/\\\/germin.org\\\/#\\\/schema\\\/person\\\/e8d8cc608a68d517f9a0fee07ceecd36\",\"name\":\"admin\",\"image\":{\"@type\":\"ImageObject\",\"inLanguage\":\"sq\",\"@id\":\"https:\\\/\\\/secure.gravatar.com\\\/avatar\\\/7f2ea56e3c3d76eaa58c6b5bf4c22591cb49c03b8b6b3232a7ac93492efeff3a?s=96&d=mm&r=g\",\"url\":\"https:\\\/\\\/secure.gravatar.com\\\/avatar\\\/7f2ea56e3c3d76eaa58c6b5bf4c22591cb49c03b8b6b3232a7ac93492efeff3a?s=96&d=mm&r=g\",\"contentUrl\":\"https:\\\/\\\/secure.gravatar.com\\\/avatar\\\/7f2ea56e3c3d76eaa58c6b5bf4c22591cb49c03b8b6b3232a7ac93492efeff3a?s=96&d=mm&r=g\",\"caption\":\"admin\"},\"sameAs\":[\"https:\\\/\\\/germin.org\"],\"url\":\"https:\\\/\\\/germin.org\\\/sq\\\/author\\\/shpatferizi_kplna5o5\\\/\"}]}<\/script>\n<!-- \/ Yoast SEO plugin. -->","yoast_head_json":{"title":"Survey Report: Global Albanians Youth Movement - Germin","description":"This valuable feedback is the baseline to measure and establish a benchmark from which to compare results over time.","robots":{"index":"index","follow":"follow","max-snippet":"max-snippet:-1","max-image-preview":"max-image-preview:large","max-video-preview":"max-video-preview:-1"},"canonical":"https:\/\/germin.org\/sq\/global-albanians-youth-movement-report\/","og_locale":"sq_AL","og_type":"article","og_title":"Survey Report: Global Albanians Youth Movement - Germin","og_description":"This valuable feedback is the baseline to measure and establish a benchmark from which to compare results over time.","og_url":"https:\/\/germin.org\/sq\/global-albanians-youth-movement-report\/","og_site_name":"Germin","article_published_time":"2021-07-27T09:21:14+00:00","article_modified_time":"2025-05-28T13:29:19+00:00","og_image":[{"width":1499,"height":1000,"url":"https:\/\/germin.org\/wp-content\/uploads\/2021\/07\/ARTIKULLI-4-COVER.jpg","type":"image\/jpeg"}],"author":"admin","twitter_card":"summary_large_image","twitter_misc":{"Written by":"admin","Est. reading time":"1 minute"},"schema":{"@context":"https:\/\/schema.org","@graph":[{"@type":"Article","@id":"https:\/\/germin.org\/global-albanians-youth-movement-report\/#article","isPartOf":{"@id":"https:\/\/germin.org\/global-albanians-youth-movement-report\/"},"author":{"name":"admin","@id":"https:\/\/germin.org\/#\/schema\/person\/e8d8cc608a68d517f9a0fee07ceecd36"},"headline":"Survey Report: Global Albanians Youth Movement","datePublished":"2021-07-27T09:21:14+00:00","dateModified":"2025-05-28T13:29:19+00:00","mainEntityOfPage":{"@id":"https:\/\/germin.org\/global-albanians-youth-movement-report\/"},"wordCount":220,"commentCount":0,"publisher":{"@id":"https:\/\/germin.org\/#organization"},"image":{"@id":"https:\/\/germin.org\/global-albanians-youth-movement-report\/#primaryimage"},"thumbnailUrl":"https:\/\/germin.org\/wp-content\/uploads\/2021\/07\/ARTIKULLI-4-COVER.jpg","articleSection":["Policy Analysis"],"inLanguage":"sq","potentialAction":[{"@type":"CommentAction","name":"Comment","target":["https:\/\/germin.org\/global-albanians-youth-movement-report\/#respond"]}]},{"@type":"WebPage","@id":"https:\/\/germin.org\/global-albanians-youth-movement-report\/","url":"https:\/\/germin.org\/global-albanians-youth-movement-report\/","name":"Survey Report: Global Albanians Youth Movement - Germin","isPartOf":{"@id":"https:\/\/germin.org\/#website"},"primaryImageOfPage":{"@id":"https:\/\/germin.org\/global-albanians-youth-movement-report\/#primaryimage"},"image":{"@id":"https:\/\/germin.org\/global-albanians-youth-movement-report\/#primaryimage"},"thumbnailUrl":"https:\/\/germin.org\/wp-content\/uploads\/2021\/07\/ARTIKULLI-4-COVER.jpg","datePublished":"2021-07-27T09:21:14+00:00","dateModified":"2025-05-28T13:29:19+00:00","description":"This valuable feedback is the baseline to measure and establish a benchmark from which to compare results over time.","breadcrumb":{"@id":"https:\/\/germin.org\/global-albanians-youth-movement-report\/#breadcrumb"},"inLanguage":"sq","potentialAction":[{"@type":"ReadAction","target":["https:\/\/germin.org\/global-albanians-youth-movement-report\/"]}]},{"@type":"ImageObject","inLanguage":"sq","@id":"https:\/\/germin.org\/global-albanians-youth-movement-report\/#primaryimage","url":"https:\/\/germin.org\/wp-content\/uploads\/2021\/07\/ARTIKULLI-4-COVER.jpg","contentUrl":"https:\/\/germin.org\/wp-content\/uploads\/2021\/07\/ARTIKULLI-4-COVER.jpg","width":1499,"height":1000},{"@type":"BreadcrumbList","@id":"https:\/\/germin.org\/global-albanians-youth-movement-report\/#breadcrumb","itemListElement":[{"@type":"ListItem","position":1,"name":"Home","item":"https:\/\/germin.org\/"},{"@type":"ListItem","position":2,"name":"Survey Report: Global Albanians Youth Movement"}]},{"@type":"WebSite","@id":"https:\/\/germin.org\/#website","url":"https:\/\/germin.org\/","name":"Germin","description":"Co-Creating the Future","publisher":{"@id":"https:\/\/germin.org\/#organization"},"potentialAction":[{"@type":"SearchAction","target":{"@type":"EntryPoint","urlTemplate":"https:\/\/germin.org\/?s={search_term_string}"},"query-input":{"@type":"PropertyValueSpecification","valueRequired":true,"valueName":"search_term_string"}}],"inLanguage":"sq"},{"@type":"Organization","@id":"https:\/\/germin.org\/#organization","name":"Germin","url":"https:\/\/germin.org\/","logo":{"@type":"ImageObject","inLanguage":"sq","@id":"https:\/\/germin.org\/#\/schema\/logo\/image\/","url":"https:\/\/germin.org\/wp-content\/uploads\/2025\/05\/Germin_Logo-1.svg","contentUrl":"https:\/\/germin.org\/wp-content\/uploads\/2025\/05\/Germin_Logo-1.svg","width":1282,"height":378,"caption":"Germin"},"image":{"@id":"https:\/\/germin.org\/#\/schema\/logo\/image\/"}},{"@type":"Person","@id":"https:\/\/germin.org\/#\/schema\/person\/e8d8cc608a68d517f9a0fee07ceecd36","name":"admin","image":{"@type":"ImageObject","inLanguage":"sq","@id":"https:\/\/secure.gravatar.com\/avatar\/7f2ea56e3c3d76eaa58c6b5bf4c22591cb49c03b8b6b3232a7ac93492efeff3a?s=96&d=mm&r=g","url":"https:\/\/secure.gravatar.com\/avatar\/7f2ea56e3c3d76eaa58c6b5bf4c22591cb49c03b8b6b3232a7ac93492efeff3a?s=96&d=mm&r=g","contentUrl":"https:\/\/secure.gravatar.com\/avatar\/7f2ea56e3c3d76eaa58c6b5bf4c22591cb49c03b8b6b3232a7ac93492efeff3a?s=96&d=mm&r=g","caption":"admin"},"sameAs":["https:\/\/germin.org"],"url":"https:\/\/germin.org\/sq\/author\/shpatferizi_kplna5o5\/"}]}},"_links":{"self":[{"href":"https:\/\/germin.org\/sq\/wp-json\/wp\/v2\/posts\/5974","targetHints":{"allow":["GET"]}}],"collection":[{"href":"https:\/\/germin.org\/sq\/wp-json\/wp\/v2\/posts"}],"about":[{"href":"https:\/\/germin.org\/sq\/wp-json\/wp\/v2\/types\/post"}],"author":[{"embeddable":true,"href":"https:\/\/germin.org\/sq\/wp-json\/wp\/v2\/users\/1"}],"replies":[{"embeddable":true,"href":"https:\/\/germin.org\/sq\/wp-json\/wp\/v2\/comments?post=5974"}],"version-history":[{"count":0,"href":"https:\/\/germin.org\/sq\/wp-json\/wp\/v2\/posts\/5974\/revisions"}],"wp:featuredmedia":[{"embeddable":true,"href":"https:\/\/germin.org\/sq\/wp-json\/wp\/v2\/media\/8647"}],"wp:attachment":[{"href":"https:\/\/germin.org\/sq\/wp-json\/wp\/v2\/media?parent=5974"}],"wp:term":[{"taxonomy":"category","embeddable":true,"href":"https:\/\/germin.org\/sq\/wp-json\/wp\/v2\/categories?post=5974"},{"taxonomy":"post_tag","embeddable":true,"href":"https:\/\/germin.org\/sq\/wp-json\/wp\/v2\/tags?post=5974"}],"curies":[{"name":"wp","href":"https:\/\/api.w.org\/{rel}","templated":true}]}}