{"id":6508,"date":"2022-01-19T13:48:45","date_gmt":"2022-01-19T13:48:45","guid":{"rendered":"https:\/\/germin.org\/?p=6508"},"modified":"2022-01-19T13:48:45","modified_gmt":"2022-01-19T13:48:45","slug":"germin-dhe-unicef-kosova-ofrojne-pune-praktike-me-pagese-ne-kompanite-e-diaspores","status":"publish","type":"post","link":"https:\/\/germin.org\/sq\/germin-dhe-unicef-kosova-ofrojne-pune-praktike-me-pagese-ne-kompanite-e-diaspores\/","title":{"rendered":"GERMIN dhe UNICEF Kosova ofrojn\u00eb pun\u00eb praktike me pages\u00eb n\u00eb kompanit\u00eb e diaspor\u00ebs"},"content":{"rendered":"<div class=\"kvgmc6g5 cxmmr5t8 oygrvhab hcukyx3x c1et5uql ii04i59q\">\n<div dir=\"auto\"><\/div>\n<div dir=\"auto\">GERMIN n\u00eb bashk\u00ebpunim me Unicef n\u00eb Kosov\u00eb n\u00eb kuad\u00ebr t\u00eb projektit \u201cAvansimi i partneritetit me diaspor\u00ebn p\u00ebr f\u00ebmij\u00ebt dhe t\u00eb rinjt\u00eb n\u00eb Kosov\u00eb\u201d, ofrojn\u00eb pun\u00eb praktike me pages\u00eb p\u00ebr t\u00eb rinjt\u00eb kosovar\u00eb.<\/div>\n<\/div>\n<div class=\"cxmmr5t8 oygrvhab hcukyx3x c1et5uql o9v6fnle ii04i59q\">\n<div dir=\"auto\"><\/div>\n<div dir=\"auto\">T\u00eb rinjt\u00eb e mosh\u00ebs 16-24 vjec, p\u00ebrmes k\u00ebtij projekti mund ken\u00eb pun\u00eb praktike deri n\u00eb tre muaj n\u00eb<\/div>\n<div dir=\"auto\">kompani dhe organizata t\u00eb ndryshme t\u00eb diaspor\u00ebs.<\/div>\n<div dir=\"auto\"><\/div>\n<\/div>\n<div class=\"cxmmr5t8 oygrvhab hcukyx3x c1et5uql o9v6fnle ii04i59q\">\n<div dir=\"auto\">Ky projekt b\u00ebhet si q\u00ebllim p\u00ebr promovimin e platform\u00ebs online <a class=\"oajrlxb2 g5ia77u1 qu0x051f esr5mh6w e9989ue4 r7d6kgcz rq0escxv nhd2j8a9 nc684nl6 p7hjln8o kvgmc6g5 cxmmr5t8 oygrvhab hcukyx3x jb3vyjys rz4wbd8a qt6c0cv9 a8nywdso i1ao9s8h esuyzwwr f1sip0of lzcic4wl gpro0wi8 py34i1dx\" tabindex=\"0\" role=\"link\" href=\"http:\/\/kosovogenu.com\/?fbclid=IwAR0Ntqnka_p9bIbof1C5metNVcz_XZMh04AU4PseWfvC16AnpAJp4vnf3Ns\" target=\"_blank\" rel=\"nofollow noopener\">kosovogenu.com<\/a> e cila sh\u00ebrben si ur\u00eb-lidh\u00ebse midis praktikant\u00ebve dhe pun\u00ebdh\u00ebn\u00ebsve nga fusha t\u00eb ndryshme.<\/div>\n<div dir=\"auto\"><\/div>\n<\/div>\n<div class=\"cxmmr5t8 oygrvhab hcukyx3x c1et5uql o9v6fnle ii04i59q\">\n<div dir=\"auto\">Platforma <a class=\"oajrlxb2 g5ia77u1 qu0x051f esr5mh6w e9989ue4 r7d6kgcz rq0escxv nhd2j8a9 nc684nl6 p7hjln8o kvgmc6g5 cxmmr5t8 oygrvhab hcukyx3x jb3vyjys rz4wbd8a qt6c0cv9 a8nywdso i1ao9s8h esuyzwwr f1sip0of lzcic4wl gpro0wi8 py34i1dx\" tabindex=\"0\" role=\"link\" href=\"https:\/\/l.facebook.com\/l.php?u=http%3A%2F%2Fkosovogenu.com%2F%3Ffbclid%3DIwAR0Lgp8_ZY4bmXmr0w3VNhH697u_PjaKzzy0Z9WPiFnMYPnq5ZRps3qRZMk&#038;h=AT0_RShAAjsgUfOZFo4OzsOL559r7mjLSc7ABwSljD2buJftLgJEpIQoMN34Xu85MtZFmzovvhPB1MbDnMWJ6actPdp1aODd46kj46RPvRmL__oeebtduVVt3hRAiZ6JsYvL&#038;__tn__=-UK-R&#038;c%5B0%5D=AT0cxXqLmKYKNpHDY1vIIshBVkKXlidCGZAeW8dR4U8ElGMiyWfE1H_u-E2cK2jeoXFnwEPXRpaB4F6adeMuK3QLmbVPHbiKfYW42DHEhwOULj8UBdDOR9WZThlLhhIANbPhZhF79I74ANcK9dhKwD65fpUQRIOjEn7x34gsun6pXsnkjeSZEya3jXp7TrMtI2ekPiRu\" target=\"_blank\" rel=\"nofollow noopener\">kosovogenu.com<\/a> ka p\u00ebr mision t\u00eb ofroj\u00eb mund\u00ebsi p\u00ebr vet\u00eb-zhvillim p\u00ebrmes gjetjes s\u00eb pun\u00ebs praktike n\u00eb kompanit\u00eb e ndryshme n\u00eb Kosov\u00eb, trajnimeve online dhe ligj\u00ebratave. Kjo platform\u00eb synon t\u00eb p\u00ebrmir\u00ebsoj\u00eb qasjen dhe kualitetin e pun\u00ebve praktike dhe t\u00eb ngris\u00eb njohurit\u00eb p\u00ebr k\u00ebto pun\u00eb p\u00ebr t\u00eb rinjt\u00eb.<\/div>\n<\/div>\n<div class=\"cxmmr5t8 oygrvhab hcukyx3x c1et5uql o9v6fnle ii04i59q\">\n<div dir=\"auto\"><a class=\"oajrlxb2 g5ia77u1 qu0x051f esr5mh6w e9989ue4 r7d6kgcz rq0escxv nhd2j8a9 nc684nl6 p7hjln8o kvgmc6g5 cxmmr5t8 oygrvhab hcukyx3x jb3vyjys rz4wbd8a qt6c0cv9 a8nywdso i1ao9s8h esuyzwwr f1sip0of lzcic4wl gpro0wi8 py34i1dx\" tabindex=\"0\" role=\"link\" href=\"https:\/\/l.facebook.com\/l.php?u=http%3A%2F%2FKosovogenu.com%2F%3Ffbclid%3DIwAR38eG5rFcAPefBt8pyX0X4eaVnl308vesMcE9yDtBlnqmE9_ZuxsXK9U2c&#038;h=AT3pAh3M3Sg6B-lmp7Z3CXfChChoTchwz9CRy6Tuk0IinWd2xZAoQ_jc9BxVfaiwTqUeQ_HTnjVYsAHoddyARHAmb2EgfOF6OMzjqbWrQSSE8Hlm_wlflKsU9S0lI_cl3o44&#038;__tn__=-UK-R&#038;c%5B0%5D=AT0cxXqLmKYKNpHDY1vIIshBVkKXlidCGZAeW8dR4U8ElGMiyWfE1H_u-E2cK2jeoXFnwEPXRpaB4F6adeMuK3QLmbVPHbiKfYW42DHEhwOULj8UBdDOR9WZThlLhhIANbPhZhF79I74ANcK9dhKwD65fpUQRIOjEn7x34gsun6pXsnkjeSZEya3jXp7TrMtI2ekPiRu\" target=\"_blank\" rel=\"nofollow noopener\">Kosovogenu.com<\/a> \u00ebsht\u00eb krijuar n\u00eb kuad\u00ebr t\u00eb iniciativ\u00ebs s\u00eb lokalizuar Kosovo Generation Unlimited.<\/div>\n<\/div>\n<div class=\"cxmmr5t8 oygrvhab hcukyx3x c1et5uql o9v6fnle ii04i59q\">\n<div dir=\"auto\">Kompani t\u00eb ndryshme kan\u00eb b\u00ebr\u00eb disa shpallje n\u00eb k\u00ebt\u00eb platform\u00eb ku mund\u00ebsohet angazhimi i praktikant\u00ebve me pages\u00eb p\u00ebr periudh\u00ebn tre mujore.<\/div>\n<div dir=\"auto\"><\/div>\n<\/div>\n<div class=\"cxmmr5t8 oygrvhab hcukyx3x c1et5uql o9v6fnle ii04i59q\">\n<div dir=\"auto\">Inkurajojm\u00eb t\u00eb gjith\u00eb t\u00eb rinjt\u00eb e interesuar p\u00ebr pun\u00eb praktike, rrjet\u00ebzim dhe mund\u00ebsi t\u00eb p\u00ebrfitimit nga mentorshipi, t\u00eb regjistrohen n\u00eb platform\u00ebn <a class=\"oajrlxb2 g5ia77u1 qu0x051f esr5mh6w e9989ue4 r7d6kgcz rq0escxv nhd2j8a9 nc684nl6 p7hjln8o kvgmc6g5 cxmmr5t8 oygrvhab hcukyx3x jb3vyjys rz4wbd8a qt6c0cv9 a8nywdso i1ao9s8h esuyzwwr f1sip0of lzcic4wl gpro0wi8 py34i1dx\" tabindex=\"0\" role=\"link\" href=\"http:\/\/kosovogenu.com\/?fbclid=IwAR12UZ5TGHaEYf01aGWmXpzF9IrXDkX9GjorYUNbF3ZBLHAK0DoLy_GcRn0\" target=\"_blank\" rel=\"nofollow noopener\">Kosovogenu.com<\/a> ku do t\u00eb informohen vazhdimisht p\u00ebr mund\u00ebsit e ofruara p\u00ebr pun\u00eb praktike me pages\u00eb, nga kompani dhe organizata t\u00eb ndryshme.<\/div>\n<div dir=\"auto\">\n<h1><img decoding=\"async\" src=\"https:\/\/scontent.fprn4-1.fna.fbcdn.net\/v\/t39.30808-6\/272119107_3155367204737338_6460264255553568662_n.jpg?_nc_cat=102&#038;ccb=1-5&#038;_nc_sid=730e14&#038;_nc_ohc=EbiAv_kXrfwAX8JssU7&#038;_nc_ht=scontent.fprn4-1.fna&#038;oh=00_AT9z_mzTpJA2t_FkC8Ci0mOAKOAYaINYj9sZjEyDrlDewA&#038;oe=61ECC2AE\" alt=\"May be an image of text that says 'Diaspora Edition KOSOVO GENERATION UNLIMITED Pun\u00eb praktike me pages\u00ebn\u00eb kompani\/ organizata t\u00eb diaspor\u00e8s REGJISTROHU DHE APLIKO www.kosovogenu.com germin GENERATION UNLIMITED unicef'\"><\/h1>\n<\/div>\n<div dir=\"auto\"><\/div>\n<\/div>","protected":false},"excerpt":{"rendered":"<p>GERMIN n\u00eb bashk\u00ebpunim me Unicef n\u00eb Kosov\u00eb n\u00eb kuad\u00ebr t\u00eb projektit \u201cAvansimi i partneritetit me diaspor\u00ebn p\u00ebr f\u00ebmij\u00ebt dhe t\u00eb rinjt\u00eb n\u00eb Kosov\u00eb\u201d, ofrojn\u00eb pun\u00eb praktike me pages\u00eb p\u00ebr t\u00eb rinjt\u00eb kosovar\u00eb. T\u00eb rinjt\u00eb e mosh\u00ebs 16-24 vjec, p\u00ebrmes k\u00ebtij projekti mund ken\u00eb pun\u00eb praktike deri n\u00eb tre muaj n\u00eb kompani dhe organizata t\u00eb ndryshme [&hellip;]<\/p>\n","protected":false},"author":1,"featured_media":6511,"comment_status":"open","ping_status":"open","sticky":false,"template":"","format":"standard","meta":{"_acf_changed":false,"footnotes":""},"categories":[40],"tags":[121],"class_list":["post-6508","post","type-post","status-publish","format-standard","has-post-thumbnail","hentry","category-news","tag-unicef-kosovo"],"acf":[],"yoast_head":"<!-- This site is optimized with the Yoast SEO plugin v27.4 - https:\/\/yoast.com\/product\/yoast-seo-wordpress\/ -->\n<title>GERMIN dhe UNICEF Kosova ofrojn\u00eb pun\u00eb praktike me pages\u00eb n\u00eb kompanit\u00eb e diaspor\u00ebs - Germin<\/title>\n<meta name=\"robots\" content=\"index, follow, max-snippet:-1, max-image-preview:large, max-video-preview:-1\" \/>\n<link rel=\"canonical\" href=\"https:\/\/germin.org\/sq\/germin-dhe-unicef-kosova-ofrojne-pune-praktike-me-pagese-ne-kompanite-e-diaspores\/\" \/>\n<meta property=\"og:locale\" content=\"sq_AL\" \/>\n<meta property=\"og:type\" content=\"article\" \/>\n<meta property=\"og:title\" content=\"GERMIN dhe UNICEF Kosova ofrojn\u00eb pun\u00eb praktike me pages\u00eb n\u00eb kompanit\u00eb e diaspor\u00ebs - Germin\" \/>\n<meta property=\"og:description\" content=\"GERMIN n\u00eb bashk\u00ebpunim me Unicef n\u00eb Kosov\u00eb n\u00eb kuad\u00ebr t\u00eb projektit \u201cAvansimi i partneritetit me diaspor\u00ebn p\u00ebr f\u00ebmij\u00ebt dhe t\u00eb rinjt\u00eb n\u00eb Kosov\u00eb\u201d, ofrojn\u00eb pun\u00eb praktike me pages\u00eb p\u00ebr t\u00eb rinjt\u00eb kosovar\u00eb. T\u00eb rinjt\u00eb e mosh\u00ebs 16-24 vjec, p\u00ebrmes k\u00ebtij projekti mund ken\u00eb pun\u00eb praktike deri n\u00eb tre muaj n\u00eb kompani dhe organizata t\u00eb ndryshme [&hellip;]\" \/>\n<meta property=\"og:url\" content=\"https:\/\/germin.org\/sq\/germin-dhe-unicef-kosova-ofrojne-pune-praktike-me-pagese-ne-kompanite-e-diaspores\/\" \/>\n<meta property=\"og:site_name\" content=\"Germin\" \/>\n<meta property=\"article:published_time\" content=\"2022-01-19T13:48:45+00:00\" \/>\n<meta property=\"og:image\" content=\"https:\/\/germin.org\/wp-content\/uploads\/2022\/01\/img_2580.jpg\" \/>\n\t<meta property=\"og:image:width\" content=\"2048\" \/>\n\t<meta property=\"og:image:height\" content=\"1075\" \/>\n\t<meta property=\"og:image:type\" content=\"image\/jpeg\" \/>\n<meta name=\"author\" content=\"admin\" \/>\n<meta name=\"twitter:card\" content=\"summary_large_image\" \/>\n<meta name=\"twitter:label1\" content=\"Written by\" \/>\n\t<meta name=\"twitter:data1\" content=\"admin\" \/>\n\t<meta name=\"twitter:label2\" content=\"Est. reading time\" \/>\n\t<meta name=\"twitter:data2\" content=\"2 minutes\" \/>\n<script type=\"application\/ld+json\" class=\"yoast-schema-graph\">{\"@context\":\"https:\\\/\\\/schema.org\",\"@graph\":[{\"@type\":\"Article\",\"@id\":\"https:\\\/\\\/germin.org\\\/germin-dhe-unicef-kosova-ofrojne-pune-praktike-me-pagese-ne-kompanite-e-diaspores\\\/#article\",\"isPartOf\":{\"@id\":\"https:\\\/\\\/germin.org\\\/germin-dhe-unicef-kosova-ofrojne-pune-praktike-me-pagese-ne-kompanite-e-diaspores\\\/\"},\"author\":{\"name\":\"admin\",\"@id\":\"https:\\\/\\\/germin.org\\\/#\\\/schema\\\/person\\\/e8d8cc608a68d517f9a0fee07ceecd36\"},\"headline\":\"GERMIN dhe UNICEF Kosova ofrojn\u00eb pun\u00eb praktike me pages\u00eb n\u00eb kompanit\u00eb e diaspor\u00ebs\",\"datePublished\":\"2022-01-19T13:48:45+00:00\",\"mainEntityOfPage\":{\"@id\":\"https:\\\/\\\/germin.org\\\/germin-dhe-unicef-kosova-ofrojne-pune-praktike-me-pagese-ne-kompanite-e-diaspores\\\/\"},\"wordCount\":271,\"commentCount\":0,\"publisher\":{\"@id\":\"https:\\\/\\\/germin.org\\\/#organization\"},\"image\":{\"@id\":\"https:\\\/\\\/germin.org\\\/germin-dhe-unicef-kosova-ofrojne-pune-praktike-me-pagese-ne-kompanite-e-diaspores\\\/#primaryimage\"},\"thumbnailUrl\":\"https:\\\/\\\/germin.org\\\/wp-content\\\/uploads\\\/2022\\\/01\\\/img_2580.jpg\",\"keywords\":[\"UNICEF Kosovo\"],\"articleSection\":[\"News\"],\"inLanguage\":\"sq\",\"potentialAction\":[{\"@type\":\"CommentAction\",\"name\":\"Comment\",\"target\":[\"https:\\\/\\\/germin.org\\\/germin-dhe-unicef-kosova-ofrojne-pune-praktike-me-pagese-ne-kompanite-e-diaspores\\\/#respond\"]}]},{\"@type\":\"WebPage\",\"@id\":\"https:\\\/\\\/germin.org\\\/germin-dhe-unicef-kosova-ofrojne-pune-praktike-me-pagese-ne-kompanite-e-diaspores\\\/\",\"url\":\"https:\\\/\\\/germin.org\\\/germin-dhe-unicef-kosova-ofrojne-pune-praktike-me-pagese-ne-kompanite-e-diaspores\\\/\",\"name\":\"GERMIN dhe UNICEF Kosova ofrojn\u00eb pun\u00eb praktike me pages\u00eb n\u00eb kompanit\u00eb e diaspor\u00ebs - Germin\",\"isPartOf\":{\"@id\":\"https:\\\/\\\/germin.org\\\/#website\"},\"primaryImageOfPage\":{\"@id\":\"https:\\\/\\\/germin.org\\\/germin-dhe-unicef-kosova-ofrojne-pune-praktike-me-pagese-ne-kompanite-e-diaspores\\\/#primaryimage\"},\"image\":{\"@id\":\"https:\\\/\\\/germin.org\\\/germin-dhe-unicef-kosova-ofrojne-pune-praktike-me-pagese-ne-kompanite-e-diaspores\\\/#primaryimage\"},\"thumbnailUrl\":\"https:\\\/\\\/germin.org\\\/wp-content\\\/uploads\\\/2022\\\/01\\\/img_2580.jpg\",\"datePublished\":\"2022-01-19T13:48:45+00:00\",\"breadcrumb\":{\"@id\":\"https:\\\/\\\/germin.org\\\/germin-dhe-unicef-kosova-ofrojne-pune-praktike-me-pagese-ne-kompanite-e-diaspores\\\/#breadcrumb\"},\"inLanguage\":\"sq\",\"potentialAction\":[{\"@type\":\"ReadAction\",\"target\":[\"https:\\\/\\\/germin.org\\\/germin-dhe-unicef-kosova-ofrojne-pune-praktike-me-pagese-ne-kompanite-e-diaspores\\\/\"]}]},{\"@type\":\"ImageObject\",\"inLanguage\":\"sq\",\"@id\":\"https:\\\/\\\/germin.org\\\/germin-dhe-unicef-kosova-ofrojne-pune-praktike-me-pagese-ne-kompanite-e-diaspores\\\/#primaryimage\",\"url\":\"https:\\\/\\\/germin.org\\\/wp-content\\\/uploads\\\/2022\\\/01\\\/img_2580.jpg\",\"contentUrl\":\"https:\\\/\\\/germin.org\\\/wp-content\\\/uploads\\\/2022\\\/01\\\/img_2580.jpg\",\"width\":2048,\"height\":1075},{\"@type\":\"BreadcrumbList\",\"@id\":\"https:\\\/\\\/germin.org\\\/germin-dhe-unicef-kosova-ofrojne-pune-praktike-me-pagese-ne-kompanite-e-diaspores\\\/#breadcrumb\",\"itemListElement\":[{\"@type\":\"ListItem\",\"position\":1,\"name\":\"Home\",\"item\":\"https:\\\/\\\/germin.org\\\/\"},{\"@type\":\"ListItem\",\"position\":2,\"name\":\"GERMIN dhe UNICEF Kosova ofrojn\u00eb pun\u00eb praktike me pages\u00eb n\u00eb kompanit\u00eb e diaspor\u00ebs\"}]},{\"@type\":\"WebSite\",\"@id\":\"https:\\\/\\\/germin.org\\\/#website\",\"url\":\"https:\\\/\\\/germin.org\\\/\",\"name\":\"Germin\",\"description\":\"Co-Creating the Future\",\"publisher\":{\"@id\":\"https:\\\/\\\/germin.org\\\/#organization\"},\"potentialAction\":[{\"@type\":\"SearchAction\",\"target\":{\"@type\":\"EntryPoint\",\"urlTemplate\":\"https:\\\/\\\/germin.org\\\/?s={search_term_string}\"},\"query-input\":{\"@type\":\"PropertyValueSpecification\",\"valueRequired\":true,\"valueName\":\"search_term_string\"}}],\"inLanguage\":\"sq\"},{\"@type\":\"Organization\",\"@id\":\"https:\\\/\\\/germin.org\\\/#organization\",\"name\":\"Germin\",\"url\":\"https:\\\/\\\/germin.org\\\/\",\"logo\":{\"@type\":\"ImageObject\",\"inLanguage\":\"sq\",\"@id\":\"https:\\\/\\\/germin.org\\\/#\\\/schema\\\/logo\\\/image\\\/\",\"url\":\"https:\\\/\\\/germin.org\\\/wp-content\\\/uploads\\\/2025\\\/05\\\/Germin_Logo-1.svg\",\"contentUrl\":\"https:\\\/\\\/germin.org\\\/wp-content\\\/uploads\\\/2025\\\/05\\\/Germin_Logo-1.svg\",\"width\":1282,\"height\":378,\"caption\":\"Germin\"},\"image\":{\"@id\":\"https:\\\/\\\/germin.org\\\/#\\\/schema\\\/logo\\\/image\\\/\"}},{\"@type\":\"Person\",\"@id\":\"https:\\\/\\\/germin.org\\\/#\\\/schema\\\/person\\\/e8d8cc608a68d517f9a0fee07ceecd36\",\"name\":\"admin\",\"image\":{\"@type\":\"ImageObject\",\"inLanguage\":\"sq\",\"@id\":\"https:\\\/\\\/secure.gravatar.com\\\/avatar\\\/7f2ea56e3c3d76eaa58c6b5bf4c22591cb49c03b8b6b3232a7ac93492efeff3a?s=96&d=mm&r=g\",\"url\":\"https:\\\/\\\/secure.gravatar.com\\\/avatar\\\/7f2ea56e3c3d76eaa58c6b5bf4c22591cb49c03b8b6b3232a7ac93492efeff3a?s=96&d=mm&r=g\",\"contentUrl\":\"https:\\\/\\\/secure.gravatar.com\\\/avatar\\\/7f2ea56e3c3d76eaa58c6b5bf4c22591cb49c03b8b6b3232a7ac93492efeff3a?s=96&d=mm&r=g\",\"caption\":\"admin\"},\"sameAs\":[\"https:\\\/\\\/germin.org\"],\"url\":\"https:\\\/\\\/germin.org\\\/sq\\\/author\\\/shpatferizi_kplna5o5\\\/\"}]}<\/script>\n<!-- \/ Yoast SEO plugin. -->","yoast_head_json":{"title":"GERMIN dhe UNICEF Kosova ofrojn\u00eb pun\u00eb praktike me pages\u00eb n\u00eb kompanit\u00eb e diaspor\u00ebs - Germin","robots":{"index":"index","follow":"follow","max-snippet":"max-snippet:-1","max-image-preview":"max-image-preview:large","max-video-preview":"max-video-preview:-1"},"canonical":"https:\/\/germin.org\/sq\/germin-dhe-unicef-kosova-ofrojne-pune-praktike-me-pagese-ne-kompanite-e-diaspores\/","og_locale":"sq_AL","og_type":"article","og_title":"GERMIN dhe UNICEF Kosova ofrojn\u00eb pun\u00eb praktike me pages\u00eb n\u00eb kompanit\u00eb e diaspor\u00ebs - Germin","og_description":"GERMIN n\u00eb bashk\u00ebpunim me Unicef n\u00eb Kosov\u00eb n\u00eb kuad\u00ebr t\u00eb projektit \u201cAvansimi i partneritetit me diaspor\u00ebn p\u00ebr f\u00ebmij\u00ebt dhe t\u00eb rinjt\u00eb n\u00eb Kosov\u00eb\u201d, ofrojn\u00eb pun\u00eb praktike me pages\u00eb p\u00ebr t\u00eb rinjt\u00eb kosovar\u00eb. T\u00eb rinjt\u00eb e mosh\u00ebs 16-24 vjec, p\u00ebrmes k\u00ebtij projekti mund ken\u00eb pun\u00eb praktike deri n\u00eb tre muaj n\u00eb kompani dhe organizata t\u00eb ndryshme [&hellip;]","og_url":"https:\/\/germin.org\/sq\/germin-dhe-unicef-kosova-ofrojne-pune-praktike-me-pagese-ne-kompanite-e-diaspores\/","og_site_name":"Germin","article_published_time":"2022-01-19T13:48:45+00:00","og_image":[{"width":2048,"height":1075,"url":"https:\/\/germin.org\/wp-content\/uploads\/2022\/01\/img_2580.jpg","type":"image\/jpeg"}],"author":"admin","twitter_card":"summary_large_image","twitter_misc":{"Written by":"admin","Est. reading time":"2 minutes"},"schema":{"@context":"https:\/\/schema.org","@graph":[{"@type":"Article","@id":"https:\/\/germin.org\/germin-dhe-unicef-kosova-ofrojne-pune-praktike-me-pagese-ne-kompanite-e-diaspores\/#article","isPartOf":{"@id":"https:\/\/germin.org\/germin-dhe-unicef-kosova-ofrojne-pune-praktike-me-pagese-ne-kompanite-e-diaspores\/"},"author":{"name":"admin","@id":"https:\/\/germin.org\/#\/schema\/person\/e8d8cc608a68d517f9a0fee07ceecd36"},"headline":"GERMIN dhe UNICEF Kosova ofrojn\u00eb pun\u00eb praktike me pages\u00eb n\u00eb kompanit\u00eb e diaspor\u00ebs","datePublished":"2022-01-19T13:48:45+00:00","mainEntityOfPage":{"@id":"https:\/\/germin.org\/germin-dhe-unicef-kosova-ofrojne-pune-praktike-me-pagese-ne-kompanite-e-diaspores\/"},"wordCount":271,"commentCount":0,"publisher":{"@id":"https:\/\/germin.org\/#organization"},"image":{"@id":"https:\/\/germin.org\/germin-dhe-unicef-kosova-ofrojne-pune-praktike-me-pagese-ne-kompanite-e-diaspores\/#primaryimage"},"thumbnailUrl":"https:\/\/germin.org\/wp-content\/uploads\/2022\/01\/img_2580.jpg","keywords":["UNICEF Kosovo"],"articleSection":["News"],"inLanguage":"sq","potentialAction":[{"@type":"CommentAction","name":"Comment","target":["https:\/\/germin.org\/germin-dhe-unicef-kosova-ofrojne-pune-praktike-me-pagese-ne-kompanite-e-diaspores\/#respond"]}]},{"@type":"WebPage","@id":"https:\/\/germin.org\/germin-dhe-unicef-kosova-ofrojne-pune-praktike-me-pagese-ne-kompanite-e-diaspores\/","url":"https:\/\/germin.org\/germin-dhe-unicef-kosova-ofrojne-pune-praktike-me-pagese-ne-kompanite-e-diaspores\/","name":"GERMIN dhe UNICEF Kosova ofrojn\u00eb pun\u00eb praktike me pages\u00eb n\u00eb kompanit\u00eb e diaspor\u00ebs - Germin","isPartOf":{"@id":"https:\/\/germin.org\/#website"},"primaryImageOfPage":{"@id":"https:\/\/germin.org\/germin-dhe-unicef-kosova-ofrojne-pune-praktike-me-pagese-ne-kompanite-e-diaspores\/#primaryimage"},"image":{"@id":"https:\/\/germin.org\/germin-dhe-unicef-kosova-ofrojne-pune-praktike-me-pagese-ne-kompanite-e-diaspores\/#primaryimage"},"thumbnailUrl":"https:\/\/germin.org\/wp-content\/uploads\/2022\/01\/img_2580.jpg","datePublished":"2022-01-19T13:48:45+00:00","breadcrumb":{"@id":"https:\/\/germin.org\/germin-dhe-unicef-kosova-ofrojne-pune-praktike-me-pagese-ne-kompanite-e-diaspores\/#breadcrumb"},"inLanguage":"sq","potentialAction":[{"@type":"ReadAction","target":["https:\/\/germin.org\/germin-dhe-unicef-kosova-ofrojne-pune-praktike-me-pagese-ne-kompanite-e-diaspores\/"]}]},{"@type":"ImageObject","inLanguage":"sq","@id":"https:\/\/germin.org\/germin-dhe-unicef-kosova-ofrojne-pune-praktike-me-pagese-ne-kompanite-e-diaspores\/#primaryimage","url":"https:\/\/germin.org\/wp-content\/uploads\/2022\/01\/img_2580.jpg","contentUrl":"https:\/\/germin.org\/wp-content\/uploads\/2022\/01\/img_2580.jpg","width":2048,"height":1075},{"@type":"BreadcrumbList","@id":"https:\/\/germin.org\/germin-dhe-unicef-kosova-ofrojne-pune-praktike-me-pagese-ne-kompanite-e-diaspores\/#breadcrumb","itemListElement":[{"@type":"ListItem","position":1,"name":"Home","item":"https:\/\/germin.org\/"},{"@type":"ListItem","position":2,"name":"GERMIN dhe UNICEF Kosova ofrojn\u00eb pun\u00eb praktike me pages\u00eb n\u00eb kompanit\u00eb e diaspor\u00ebs"}]},{"@type":"WebSite","@id":"https:\/\/germin.org\/#website","url":"https:\/\/germin.org\/","name":"Germin","description":"Co-Creating the Future","publisher":{"@id":"https:\/\/germin.org\/#organization"},"potentialAction":[{"@type":"SearchAction","target":{"@type":"EntryPoint","urlTemplate":"https:\/\/germin.org\/?s={search_term_string}"},"query-input":{"@type":"PropertyValueSpecification","valueRequired":true,"valueName":"search_term_string"}}],"inLanguage":"sq"},{"@type":"Organization","@id":"https:\/\/germin.org\/#organization","name":"Germin","url":"https:\/\/germin.org\/","logo":{"@type":"ImageObject","inLanguage":"sq","@id":"https:\/\/germin.org\/#\/schema\/logo\/image\/","url":"https:\/\/germin.org\/wp-content\/uploads\/2025\/05\/Germin_Logo-1.svg","contentUrl":"https:\/\/germin.org\/wp-content\/uploads\/2025\/05\/Germin_Logo-1.svg","width":1282,"height":378,"caption":"Germin"},"image":{"@id":"https:\/\/germin.org\/#\/schema\/logo\/image\/"}},{"@type":"Person","@id":"https:\/\/germin.org\/#\/schema\/person\/e8d8cc608a68d517f9a0fee07ceecd36","name":"admin","image":{"@type":"ImageObject","inLanguage":"sq","@id":"https:\/\/secure.gravatar.com\/avatar\/7f2ea56e3c3d76eaa58c6b5bf4c22591cb49c03b8b6b3232a7ac93492efeff3a?s=96&d=mm&r=g","url":"https:\/\/secure.gravatar.com\/avatar\/7f2ea56e3c3d76eaa58c6b5bf4c22591cb49c03b8b6b3232a7ac93492efeff3a?s=96&d=mm&r=g","contentUrl":"https:\/\/secure.gravatar.com\/avatar\/7f2ea56e3c3d76eaa58c6b5bf4c22591cb49c03b8b6b3232a7ac93492efeff3a?s=96&d=mm&r=g","caption":"admin"},"sameAs":["https:\/\/germin.org"],"url":"https:\/\/germin.org\/sq\/author\/shpatferizi_kplna5o5\/"}]}},"_links":{"self":[{"href":"https:\/\/germin.org\/sq\/wp-json\/wp\/v2\/posts\/6508","targetHints":{"allow":["GET"]}}],"collection":[{"href":"https:\/\/germin.org\/sq\/wp-json\/wp\/v2\/posts"}],"about":[{"href":"https:\/\/germin.org\/sq\/wp-json\/wp\/v2\/types\/post"}],"author":[{"embeddable":true,"href":"https:\/\/germin.org\/sq\/wp-json\/wp\/v2\/users\/1"}],"replies":[{"embeddable":true,"href":"https:\/\/germin.org\/sq\/wp-json\/wp\/v2\/comments?post=6508"}],"version-history":[{"count":0,"href":"https:\/\/germin.org\/sq\/wp-json\/wp\/v2\/posts\/6508\/revisions"}],"wp:featuredmedia":[{"embeddable":true,"href":"https:\/\/germin.org\/sq\/wp-json\/wp\/v2\/media\/6511"}],"wp:attachment":[{"href":"https:\/\/germin.org\/sq\/wp-json\/wp\/v2\/media?parent=6508"}],"wp:term":[{"taxonomy":"category","embeddable":true,"href":"https:\/\/germin.org\/sq\/wp-json\/wp\/v2\/categories?post=6508"},{"taxonomy":"post_tag","embeddable":true,"href":"https:\/\/germin.org\/sq\/wp-json\/wp\/v2\/tags?post=6508"}],"curies":[{"name":"wp","href":"https:\/\/api.w.org\/{rel}","templated":true}]}}