{"id":6715,"date":"2022-03-14T12:26:21","date_gmt":"2022-03-14T12:26:21","guid":{"rendered":"https:\/\/germin.org\/?p=6715"},"modified":"2022-03-14T12:26:21","modified_gmt":"2022-03-14T12:26:21","slug":"dua-lipa-merr-pjese-ne-hapjen-e-shkolles-shqipe-ne-shba-kujton-kohen-kur-mesonte-shqip","status":"publish","type":"post","link":"https:\/\/germin.org\/sq\/dua-lipa-merr-pjese-ne-hapjen-e-shkolles-shqipe-ne-shba-kujton-kohen-kur-mesonte-shqip\/","title":{"rendered":"Dua Lipa merr pjes\u00eb n\u00eb hapjen e shkoll\u00ebs shqipe n\u00eb SHBA; Kujton koh\u00ebn kur m\u00ebsonte shqip"},"content":{"rendered":"<p>K\u00ebng\u00ebtarja me prejardhje shqiptare, Dua Lipa, ka marr\u00eb pjes\u00eb n\u00eb ceremonin\u00eb e hapjes s\u00eb shkoll\u00ebs s\u00eb par\u00eb shqipe n\u00eb Teksas t\u00eb Shteteve t\u00eb Bashkuara t\u00eb Amerik\u00ebs.<\/p>\n<p>P\u00ebrvec pjes\u00ebmarr\u00ebse Dua edhe ka dh\u00ebn\u00eb nj\u00eb fjalim ku ka kujtuar f\u00ebmij\u00ebrin\u00eb e saj dhe sfidat p\u00ebr t\u00eb m\u00ebsuar gjuh\u00ebn shqipe.<\/p>\n<p>\u201cKur u informova p\u00ebr hapjen e k\u00ebsaj shkolle m\u00eb kujtua f\u00ebmij\u00ebria ime dhe koha kur erdha nga Prishtina n\u00eb Lond\u00ebr\u201d.<\/p>\n<p>Dua kujtoi koh\u00ebn kur po rritej n\u00eb shkoll\u00eb duhej t\u00eb fliste gjuh\u00ebn angleze n\u00eb sht\u00ebpi gjithmon\u00eb flisnin shqip.<\/p>\n<p>\u201cKur isha n\u00eb Lond\u00ebr flisja anglisht me miqt\u00eb dhe profesor\u00ebt, nd\u00ebrsa nat\u00ebn me prind\u00ebrit flisja shqip p\u00ebr t\u00eb mos harruar rr\u00ebnj\u00ebt dhe gjuh\u00ebn\u201d.<\/p>\n<p><strong>\u00a0<\/strong><\/p>","protected":false},"excerpt":{"rendered":"<p>K\u00ebng\u00ebtarja me prejardhje shqiptare, Dua Lipa, ka marr\u00eb pjes\u00eb n\u00eb ceremonin\u00eb e hapjes s\u00eb shkoll\u00ebs s\u00eb par\u00eb shqipe n\u00eb Teksas t\u00eb Shteteve t\u00eb Bashkuara t\u00eb Amerik\u00ebs. P\u00ebrvec pjes\u00ebmarr\u00ebse Dua edhe ka dh\u00ebn\u00eb nj\u00eb fjalim ku ka kujtuar f\u00ebmij\u00ebrin\u00eb e saj dhe sfidat p\u00ebr t\u00eb m\u00ebsuar gjuh\u00ebn shqipe. \u201cKur u informova p\u00ebr hapjen e k\u00ebsaj shkolle [&hellip;]<\/p>\n","protected":false},"author":1,"featured_media":6716,"comment_status":"closed","ping_status":"closed","sticky":false,"template":"","format":"standard","meta":{"_acf_changed":false,"footnotes":""},"categories":[40],"tags":[],"class_list":["post-6715","post","type-post","status-publish","format-standard","has-post-thumbnail","hentry","category-news"],"acf":[],"yoast_head":"<!-- This site is optimized with the Yoast SEO plugin v27.4 - https:\/\/yoast.com\/product\/yoast-seo-wordpress\/ -->\n<title>Dua Lipa merr pjes\u00eb n\u00eb hapjen e shkoll\u00ebs shqipe n\u00eb SHBA; Kujton koh\u00ebn kur m\u00ebsonte shqip - Germin<\/title>\n<meta name=\"robots\" content=\"index, follow, max-snippet:-1, max-image-preview:large, max-video-preview:-1\" \/>\n<link rel=\"canonical\" href=\"https:\/\/germin.org\/sq\/dua-lipa-merr-pjese-ne-hapjen-e-shkolles-shqipe-ne-shba-kujton-kohen-kur-mesonte-shqip\/\" \/>\n<meta property=\"og:locale\" content=\"sq_AL\" \/>\n<meta property=\"og:type\" content=\"article\" \/>\n<meta property=\"og:title\" content=\"Dua Lipa merr pjes\u00eb n\u00eb hapjen e shkoll\u00ebs shqipe n\u00eb SHBA; Kujton koh\u00ebn kur m\u00ebsonte shqip - Germin\" \/>\n<meta property=\"og:description\" content=\"K\u00ebng\u00ebtarja me prejardhje shqiptare, Dua Lipa, ka marr\u00eb pjes\u00eb n\u00eb ceremonin\u00eb e hapjes s\u00eb shkoll\u00ebs s\u00eb par\u00eb shqipe n\u00eb Teksas t\u00eb Shteteve t\u00eb Bashkuara t\u00eb Amerik\u00ebs. P\u00ebrvec pjes\u00ebmarr\u00ebse Dua edhe ka dh\u00ebn\u00eb nj\u00eb fjalim ku ka kujtuar f\u00ebmij\u00ebrin\u00eb e saj dhe sfidat p\u00ebr t\u00eb m\u00ebsuar gjuh\u00ebn shqipe. \u201cKur u informova p\u00ebr hapjen e k\u00ebsaj shkolle [&hellip;]\" \/>\n<meta property=\"og:url\" content=\"https:\/\/germin.org\/sq\/dua-lipa-merr-pjese-ne-hapjen-e-shkolles-shqipe-ne-shba-kujton-kohen-kur-mesonte-shqip\/\" \/>\n<meta property=\"og:site_name\" content=\"Germin\" \/>\n<meta property=\"article:published_time\" content=\"2022-03-14T12:26:21+00:00\" \/>\n<meta property=\"og:image\" content=\"https:\/\/germin.org\/wp-content\/uploads\/2022\/03\/dua1.png\" \/>\n\t<meta property=\"og:image:width\" content=\"728\" \/>\n\t<meta property=\"og:image:height\" content=\"430\" \/>\n\t<meta property=\"og:image:type\" content=\"image\/png\" \/>\n<meta name=\"author\" content=\"admin\" \/>\n<meta name=\"twitter:card\" content=\"summary_large_image\" \/>\n<meta name=\"twitter:label1\" content=\"Written by\" \/>\n\t<meta name=\"twitter:data1\" content=\"admin\" \/>\n\t<meta name=\"twitter:label2\" content=\"Est. reading time\" \/>\n\t<meta name=\"twitter:data2\" content=\"1 minute\" \/>\n<script type=\"application\/ld+json\" class=\"yoast-schema-graph\">{\"@context\":\"https:\\\/\\\/schema.org\",\"@graph\":[{\"@type\":\"Article\",\"@id\":\"https:\\\/\\\/germin.org\\\/dua-lipa-merr-pjese-ne-hapjen-e-shkolles-shqipe-ne-shba-kujton-kohen-kur-mesonte-shqip\\\/#article\",\"isPartOf\":{\"@id\":\"https:\\\/\\\/germin.org\\\/dua-lipa-merr-pjese-ne-hapjen-e-shkolles-shqipe-ne-shba-kujton-kohen-kur-mesonte-shqip\\\/\"},\"author\":{\"name\":\"admin\",\"@id\":\"https:\\\/\\\/germin.org\\\/#\\\/schema\\\/person\\\/e8d8cc608a68d517f9a0fee07ceecd36\"},\"headline\":\"Dua Lipa merr pjes\u00eb n\u00eb hapjen e shkoll\u00ebs shqipe n\u00eb SHBA; Kujton koh\u00ebn kur m\u00ebsonte shqip\",\"datePublished\":\"2022-03-14T12:26:21+00:00\",\"mainEntityOfPage\":{\"@id\":\"https:\\\/\\\/germin.org\\\/dua-lipa-merr-pjese-ne-hapjen-e-shkolles-shqipe-ne-shba-kujton-kohen-kur-mesonte-shqip\\\/\"},\"wordCount\":157,\"publisher\":{\"@id\":\"https:\\\/\\\/germin.org\\\/#organization\"},\"image\":{\"@id\":\"https:\\\/\\\/germin.org\\\/dua-lipa-merr-pjese-ne-hapjen-e-shkolles-shqipe-ne-shba-kujton-kohen-kur-mesonte-shqip\\\/#primaryimage\"},\"thumbnailUrl\":\"https:\\\/\\\/germin.org\\\/wp-content\\\/uploads\\\/2022\\\/03\\\/dua1.png\",\"articleSection\":[\"News\"],\"inLanguage\":\"sq\"},{\"@type\":\"WebPage\",\"@id\":\"https:\\\/\\\/germin.org\\\/dua-lipa-merr-pjese-ne-hapjen-e-shkolles-shqipe-ne-shba-kujton-kohen-kur-mesonte-shqip\\\/\",\"url\":\"https:\\\/\\\/germin.org\\\/dua-lipa-merr-pjese-ne-hapjen-e-shkolles-shqipe-ne-shba-kujton-kohen-kur-mesonte-shqip\\\/\",\"name\":\"Dua Lipa merr pjes\u00eb n\u00eb hapjen e shkoll\u00ebs shqipe n\u00eb SHBA; Kujton koh\u00ebn kur m\u00ebsonte shqip - Germin\",\"isPartOf\":{\"@id\":\"https:\\\/\\\/germin.org\\\/#website\"},\"primaryImageOfPage\":{\"@id\":\"https:\\\/\\\/germin.org\\\/dua-lipa-merr-pjese-ne-hapjen-e-shkolles-shqipe-ne-shba-kujton-kohen-kur-mesonte-shqip\\\/#primaryimage\"},\"image\":{\"@id\":\"https:\\\/\\\/germin.org\\\/dua-lipa-merr-pjese-ne-hapjen-e-shkolles-shqipe-ne-shba-kujton-kohen-kur-mesonte-shqip\\\/#primaryimage\"},\"thumbnailUrl\":\"https:\\\/\\\/germin.org\\\/wp-content\\\/uploads\\\/2022\\\/03\\\/dua1.png\",\"datePublished\":\"2022-03-14T12:26:21+00:00\",\"breadcrumb\":{\"@id\":\"https:\\\/\\\/germin.org\\\/dua-lipa-merr-pjese-ne-hapjen-e-shkolles-shqipe-ne-shba-kujton-kohen-kur-mesonte-shqip\\\/#breadcrumb\"},\"inLanguage\":\"sq\",\"potentialAction\":[{\"@type\":\"ReadAction\",\"target\":[\"https:\\\/\\\/germin.org\\\/dua-lipa-merr-pjese-ne-hapjen-e-shkolles-shqipe-ne-shba-kujton-kohen-kur-mesonte-shqip\\\/\"]}]},{\"@type\":\"ImageObject\",\"inLanguage\":\"sq\",\"@id\":\"https:\\\/\\\/germin.org\\\/dua-lipa-merr-pjese-ne-hapjen-e-shkolles-shqipe-ne-shba-kujton-kohen-kur-mesonte-shqip\\\/#primaryimage\",\"url\":\"https:\\\/\\\/germin.org\\\/wp-content\\\/uploads\\\/2022\\\/03\\\/dua1.png\",\"contentUrl\":\"https:\\\/\\\/germin.org\\\/wp-content\\\/uploads\\\/2022\\\/03\\\/dua1.png\",\"width\":728,\"height\":430},{\"@type\":\"BreadcrumbList\",\"@id\":\"https:\\\/\\\/germin.org\\\/dua-lipa-merr-pjese-ne-hapjen-e-shkolles-shqipe-ne-shba-kujton-kohen-kur-mesonte-shqip\\\/#breadcrumb\",\"itemListElement\":[{\"@type\":\"ListItem\",\"position\":1,\"name\":\"Home\",\"item\":\"https:\\\/\\\/germin.org\\\/\"},{\"@type\":\"ListItem\",\"position\":2,\"name\":\"Dua Lipa merr pjes\u00eb n\u00eb hapjen e shkoll\u00ebs shqipe n\u00eb SHBA; Kujton koh\u00ebn kur m\u00ebsonte shqip\"}]},{\"@type\":\"WebSite\",\"@id\":\"https:\\\/\\\/germin.org\\\/#website\",\"url\":\"https:\\\/\\\/germin.org\\\/\",\"name\":\"Germin\",\"description\":\"Co-Creating the Future\",\"publisher\":{\"@id\":\"https:\\\/\\\/germin.org\\\/#organization\"},\"potentialAction\":[{\"@type\":\"SearchAction\",\"target\":{\"@type\":\"EntryPoint\",\"urlTemplate\":\"https:\\\/\\\/germin.org\\\/?s={search_term_string}\"},\"query-input\":{\"@type\":\"PropertyValueSpecification\",\"valueRequired\":true,\"valueName\":\"search_term_string\"}}],\"inLanguage\":\"sq\"},{\"@type\":\"Organization\",\"@id\":\"https:\\\/\\\/germin.org\\\/#organization\",\"name\":\"Germin\",\"url\":\"https:\\\/\\\/germin.org\\\/\",\"logo\":{\"@type\":\"ImageObject\",\"inLanguage\":\"sq\",\"@id\":\"https:\\\/\\\/germin.org\\\/#\\\/schema\\\/logo\\\/image\\\/\",\"url\":\"https:\\\/\\\/germin.org\\\/wp-content\\\/uploads\\\/2025\\\/05\\\/Germin_Logo-1.svg\",\"contentUrl\":\"https:\\\/\\\/germin.org\\\/wp-content\\\/uploads\\\/2025\\\/05\\\/Germin_Logo-1.svg\",\"width\":1282,\"height\":378,\"caption\":\"Germin\"},\"image\":{\"@id\":\"https:\\\/\\\/germin.org\\\/#\\\/schema\\\/logo\\\/image\\\/\"}},{\"@type\":\"Person\",\"@id\":\"https:\\\/\\\/germin.org\\\/#\\\/schema\\\/person\\\/e8d8cc608a68d517f9a0fee07ceecd36\",\"name\":\"admin\",\"image\":{\"@type\":\"ImageObject\",\"inLanguage\":\"sq\",\"@id\":\"https:\\\/\\\/secure.gravatar.com\\\/avatar\\\/7f2ea56e3c3d76eaa58c6b5bf4c22591cb49c03b8b6b3232a7ac93492efeff3a?s=96&d=mm&r=g\",\"url\":\"https:\\\/\\\/secure.gravatar.com\\\/avatar\\\/7f2ea56e3c3d76eaa58c6b5bf4c22591cb49c03b8b6b3232a7ac93492efeff3a?s=96&d=mm&r=g\",\"contentUrl\":\"https:\\\/\\\/secure.gravatar.com\\\/avatar\\\/7f2ea56e3c3d76eaa58c6b5bf4c22591cb49c03b8b6b3232a7ac93492efeff3a?s=96&d=mm&r=g\",\"caption\":\"admin\"},\"sameAs\":[\"https:\\\/\\\/germin.org\"],\"url\":\"https:\\\/\\\/germin.org\\\/sq\\\/author\\\/shpatferizi_kplna5o5\\\/\"}]}<\/script>\n<!-- \/ Yoast SEO plugin. -->","yoast_head_json":{"title":"Dua Lipa merr pjes\u00eb n\u00eb hapjen e shkoll\u00ebs shqipe n\u00eb SHBA; Kujton koh\u00ebn kur m\u00ebsonte shqip - Germin","robots":{"index":"index","follow":"follow","max-snippet":"max-snippet:-1","max-image-preview":"max-image-preview:large","max-video-preview":"max-video-preview:-1"},"canonical":"https:\/\/germin.org\/sq\/dua-lipa-merr-pjese-ne-hapjen-e-shkolles-shqipe-ne-shba-kujton-kohen-kur-mesonte-shqip\/","og_locale":"sq_AL","og_type":"article","og_title":"Dua Lipa merr pjes\u00eb n\u00eb hapjen e shkoll\u00ebs shqipe n\u00eb SHBA; Kujton koh\u00ebn kur m\u00ebsonte shqip - Germin","og_description":"K\u00ebng\u00ebtarja me prejardhje shqiptare, Dua Lipa, ka marr\u00eb pjes\u00eb n\u00eb ceremonin\u00eb e hapjes s\u00eb shkoll\u00ebs s\u00eb par\u00eb shqipe n\u00eb Teksas t\u00eb Shteteve t\u00eb Bashkuara t\u00eb Amerik\u00ebs. P\u00ebrvec pjes\u00ebmarr\u00ebse Dua edhe ka dh\u00ebn\u00eb nj\u00eb fjalim ku ka kujtuar f\u00ebmij\u00ebrin\u00eb e saj dhe sfidat p\u00ebr t\u00eb m\u00ebsuar gjuh\u00ebn shqipe. \u201cKur u informova p\u00ebr hapjen e k\u00ebsaj shkolle [&hellip;]","og_url":"https:\/\/germin.org\/sq\/dua-lipa-merr-pjese-ne-hapjen-e-shkolles-shqipe-ne-shba-kujton-kohen-kur-mesonte-shqip\/","og_site_name":"Germin","article_published_time":"2022-03-14T12:26:21+00:00","og_image":[{"width":728,"height":430,"url":"https:\/\/germin.org\/wp-content\/uploads\/2022\/03\/dua1.png","type":"image\/png"}],"author":"admin","twitter_card":"summary_large_image","twitter_misc":{"Written by":"admin","Est. reading time":"1 minute"},"schema":{"@context":"https:\/\/schema.org","@graph":[{"@type":"Article","@id":"https:\/\/germin.org\/dua-lipa-merr-pjese-ne-hapjen-e-shkolles-shqipe-ne-shba-kujton-kohen-kur-mesonte-shqip\/#article","isPartOf":{"@id":"https:\/\/germin.org\/dua-lipa-merr-pjese-ne-hapjen-e-shkolles-shqipe-ne-shba-kujton-kohen-kur-mesonte-shqip\/"},"author":{"name":"admin","@id":"https:\/\/germin.org\/#\/schema\/person\/e8d8cc608a68d517f9a0fee07ceecd36"},"headline":"Dua Lipa merr pjes\u00eb n\u00eb hapjen e shkoll\u00ebs shqipe n\u00eb SHBA; Kujton koh\u00ebn kur m\u00ebsonte shqip","datePublished":"2022-03-14T12:26:21+00:00","mainEntityOfPage":{"@id":"https:\/\/germin.org\/dua-lipa-merr-pjese-ne-hapjen-e-shkolles-shqipe-ne-shba-kujton-kohen-kur-mesonte-shqip\/"},"wordCount":157,"publisher":{"@id":"https:\/\/germin.org\/#organization"},"image":{"@id":"https:\/\/germin.org\/dua-lipa-merr-pjese-ne-hapjen-e-shkolles-shqipe-ne-shba-kujton-kohen-kur-mesonte-shqip\/#primaryimage"},"thumbnailUrl":"https:\/\/germin.org\/wp-content\/uploads\/2022\/03\/dua1.png","articleSection":["News"],"inLanguage":"sq"},{"@type":"WebPage","@id":"https:\/\/germin.org\/dua-lipa-merr-pjese-ne-hapjen-e-shkolles-shqipe-ne-shba-kujton-kohen-kur-mesonte-shqip\/","url":"https:\/\/germin.org\/dua-lipa-merr-pjese-ne-hapjen-e-shkolles-shqipe-ne-shba-kujton-kohen-kur-mesonte-shqip\/","name":"Dua Lipa merr pjes\u00eb n\u00eb hapjen e shkoll\u00ebs shqipe n\u00eb SHBA; Kujton koh\u00ebn kur m\u00ebsonte shqip - Germin","isPartOf":{"@id":"https:\/\/germin.org\/#website"},"primaryImageOfPage":{"@id":"https:\/\/germin.org\/dua-lipa-merr-pjese-ne-hapjen-e-shkolles-shqipe-ne-shba-kujton-kohen-kur-mesonte-shqip\/#primaryimage"},"image":{"@id":"https:\/\/germin.org\/dua-lipa-merr-pjese-ne-hapjen-e-shkolles-shqipe-ne-shba-kujton-kohen-kur-mesonte-shqip\/#primaryimage"},"thumbnailUrl":"https:\/\/germin.org\/wp-content\/uploads\/2022\/03\/dua1.png","datePublished":"2022-03-14T12:26:21+00:00","breadcrumb":{"@id":"https:\/\/germin.org\/dua-lipa-merr-pjese-ne-hapjen-e-shkolles-shqipe-ne-shba-kujton-kohen-kur-mesonte-shqip\/#breadcrumb"},"inLanguage":"sq","potentialAction":[{"@type":"ReadAction","target":["https:\/\/germin.org\/dua-lipa-merr-pjese-ne-hapjen-e-shkolles-shqipe-ne-shba-kujton-kohen-kur-mesonte-shqip\/"]}]},{"@type":"ImageObject","inLanguage":"sq","@id":"https:\/\/germin.org\/dua-lipa-merr-pjese-ne-hapjen-e-shkolles-shqipe-ne-shba-kujton-kohen-kur-mesonte-shqip\/#primaryimage","url":"https:\/\/germin.org\/wp-content\/uploads\/2022\/03\/dua1.png","contentUrl":"https:\/\/germin.org\/wp-content\/uploads\/2022\/03\/dua1.png","width":728,"height":430},{"@type":"BreadcrumbList","@id":"https:\/\/germin.org\/dua-lipa-merr-pjese-ne-hapjen-e-shkolles-shqipe-ne-shba-kujton-kohen-kur-mesonte-shqip\/#breadcrumb","itemListElement":[{"@type":"ListItem","position":1,"name":"Home","item":"https:\/\/germin.org\/"},{"@type":"ListItem","position":2,"name":"Dua Lipa merr pjes\u00eb n\u00eb hapjen e shkoll\u00ebs shqipe n\u00eb SHBA; Kujton koh\u00ebn kur m\u00ebsonte shqip"}]},{"@type":"WebSite","@id":"https:\/\/germin.org\/#website","url":"https:\/\/germin.org\/","name":"Germin","description":"Co-Creating the Future","publisher":{"@id":"https:\/\/germin.org\/#organization"},"potentialAction":[{"@type":"SearchAction","target":{"@type":"EntryPoint","urlTemplate":"https:\/\/germin.org\/?s={search_term_string}"},"query-input":{"@type":"PropertyValueSpecification","valueRequired":true,"valueName":"search_term_string"}}],"inLanguage":"sq"},{"@type":"Organization","@id":"https:\/\/germin.org\/#organization","name":"Germin","url":"https:\/\/germin.org\/","logo":{"@type":"ImageObject","inLanguage":"sq","@id":"https:\/\/germin.org\/#\/schema\/logo\/image\/","url":"https:\/\/germin.org\/wp-content\/uploads\/2025\/05\/Germin_Logo-1.svg","contentUrl":"https:\/\/germin.org\/wp-content\/uploads\/2025\/05\/Germin_Logo-1.svg","width":1282,"height":378,"caption":"Germin"},"image":{"@id":"https:\/\/germin.org\/#\/schema\/logo\/image\/"}},{"@type":"Person","@id":"https:\/\/germin.org\/#\/schema\/person\/e8d8cc608a68d517f9a0fee07ceecd36","name":"admin","image":{"@type":"ImageObject","inLanguage":"sq","@id":"https:\/\/secure.gravatar.com\/avatar\/7f2ea56e3c3d76eaa58c6b5bf4c22591cb49c03b8b6b3232a7ac93492efeff3a?s=96&d=mm&r=g","url":"https:\/\/secure.gravatar.com\/avatar\/7f2ea56e3c3d76eaa58c6b5bf4c22591cb49c03b8b6b3232a7ac93492efeff3a?s=96&d=mm&r=g","contentUrl":"https:\/\/secure.gravatar.com\/avatar\/7f2ea56e3c3d76eaa58c6b5bf4c22591cb49c03b8b6b3232a7ac93492efeff3a?s=96&d=mm&r=g","caption":"admin"},"sameAs":["https:\/\/germin.org"],"url":"https:\/\/germin.org\/sq\/author\/shpatferizi_kplna5o5\/"}]}},"_links":{"self":[{"href":"https:\/\/germin.org\/sq\/wp-json\/wp\/v2\/posts\/6715","targetHints":{"allow":["GET"]}}],"collection":[{"href":"https:\/\/germin.org\/sq\/wp-json\/wp\/v2\/posts"}],"about":[{"href":"https:\/\/germin.org\/sq\/wp-json\/wp\/v2\/types\/post"}],"author":[{"embeddable":true,"href":"https:\/\/germin.org\/sq\/wp-json\/wp\/v2\/users\/1"}],"replies":[{"embeddable":true,"href":"https:\/\/germin.org\/sq\/wp-json\/wp\/v2\/comments?post=6715"}],"version-history":[{"count":0,"href":"https:\/\/germin.org\/sq\/wp-json\/wp\/v2\/posts\/6715\/revisions"}],"wp:featuredmedia":[{"embeddable":true,"href":"https:\/\/germin.org\/sq\/wp-json\/wp\/v2\/media\/6716"}],"wp:attachment":[{"href":"https:\/\/germin.org\/sq\/wp-json\/wp\/v2\/media?parent=6715"}],"wp:term":[{"taxonomy":"category","embeddable":true,"href":"https:\/\/germin.org\/sq\/wp-json\/wp\/v2\/categories?post=6715"},{"taxonomy":"post_tag","embeddable":true,"href":"https:\/\/germin.org\/sq\/wp-json\/wp\/v2\/tags?post=6715"}],"curies":[{"name":"wp","href":"https:\/\/api.w.org\/{rel}","templated":true}]}}