{"id":6739,"date":"2022-03-21T10:48:50","date_gmt":"2022-03-21T10:48:50","guid":{"rendered":"https:\/\/germin.org\/?p=6739"},"modified":"2022-03-21T10:48:50","modified_gmt":"2022-03-21T10:48:50","slug":"gjesti-human-i-shqiptarit-te-kosoves-qe-gjeti-kuleten-e-aktores-se-famshme-amerikane-meryl-streep","status":"publish","type":"post","link":"https:\/\/germin.org\/sq\/gjesti-human-i-shqiptarit-te-kosoves-qe-gjeti-kuleten-e-aktores-se-famshme-amerikane-meryl-streep\/","title":{"rendered":"Gjesti human i shqiptarit nga Kosova q\u00eb gjeti kulet\u00ebn e aktores s\u00eb famshme Meryl Streep"},"content":{"rendered":"<p>Gazetari i CNN, Bill Weir, p\u00ebrmes nj\u00eb \u2018<a href=\"https:\/\/twitter.com\/billweircnn\/status\/1504952755517108231?s=21&#038;t=PQ6AtCRJFz0jCLM9sl2Ojg\" target=\"_blank\" rel=\"noopener\">cic\u00ebrime<\/a>\u2019 n\u00eb Twitter ka shkruar p\u00ebr nj\u00eb histori q\u00eb at\u00eb e ka mahnitur.<\/p>\n<p>Ai ka b\u00ebr\u00eb me dije q\u00eb nj\u00eb shqiptar nga Kosova q\u00eb jeton n\u00eb Shtetet e Bashkuara t\u00eb Amerik\u00ebs, nj\u00ebher\u00eb kishte gjetur nj\u00eb portofol me 2 mij\u00eb dollar\u00eb q\u00eb i p\u00ebrkiste aktores s\u00eb njohur amerikane, Maryl Streep, dhe e kishte kthyer.<\/p>\n<p>\u201cNj\u00eb djal\u00eb i k\u00ebndsh\u00ebm nga Kosova, q\u00eb punon n\u00eb nd\u00ebrtes\u00ebn time, nj\u00eb nat\u00eb ka gjetur nj\u00eb kulet\u00eb n\u00eb rrug\u00eb me 2 ij\u00eb dollar\u00eb brenda. Kontrolloi ID-n\u00eb dhe ishte Meryl Sterep. Babai gjithmon\u00eb m\u00eb thot\u00eb se n\u00ebse di\u00e7ka nuk \u00ebsht\u00eb e jotja, nuk \u00ebsht\u00eb e jotja\u201d, ka shkruar Weir n\u00eb rrjetin e tij zyrtar n\u00eb Twitter<\/p>\n<p>Gazetari m\u00eb pas shtoi q\u00eb i riu kishte refuzuar edhe t\u00eb merrte shp\u00ebrblim p\u00ebr veprimin e tij.<\/p>\n<p>\u201cAi e refuzoi shp\u00ebrblimin, derisa Meryl insistoi. Njer\u00ebz t\u00eb mir\u00eb\u201d, ka p\u00ebrfunduar ai.<\/p>\n<blockquote class=\"twitter-tweet\" data-width=\"550\" data-dnt=\"true\">\n<p lang=\"en\" dir=\"ltr\">Sweet guy from Kosovo who works in my building noticed a wallet in the street the other night with $2,000 in it. <br \/>He checks the ID. <br \/>It\u2019s Meryl Streep. <br \/>\u201cMy Dad always said if you find something not yours, it\u2019s not yours.\u201d<br \/>He refused a reward until Meryl insisted. <br \/>Good humans.<\/p>\n<p>&mdash; Bill Weir (@BillWeirCNN) <a href=\"https:\/\/twitter.com\/BillWeirCNN\/status\/1504952755517108231?ref_src=twsrc%5Etfw\">March 18, 2022<\/a><\/p><\/blockquote>\n<p><script async src=\"https:\/\/platform.twitter.com\/widgets.js\" charset=\"utf-8\"><\/script><\/p>","protected":false},"excerpt":{"rendered":"<p>Gazetari i CNN, Bill Weir, p\u00ebrmes nj\u00eb \u2018cic\u00ebrime\u2019 n\u00eb Twitter ka shkruar p\u00ebr nj\u00eb histori q\u00eb at\u00eb e ka mahnitur. Ai ka b\u00ebr\u00eb me dije q\u00eb nj\u00eb shqiptar nga Kosova q\u00eb jeton n\u00eb Shtetet e Bashkuara t\u00eb Amerik\u00ebs, nj\u00ebher\u00eb kishte gjetur nj\u00eb portofol me 2 mij\u00eb dollar\u00eb q\u00eb i p\u00ebrkiste aktores s\u00eb njohur amerikane, Maryl [&hellip;]<\/p>\n","protected":false},"author":1,"featured_media":6740,"comment_status":"closed","ping_status":"closed","sticky":false,"template":"","format":"standard","meta":{"_acf_changed":false,"footnotes":""},"categories":[40],"tags":[],"class_list":["post-6739","post","type-post","status-publish","format-standard","has-post-thumbnail","hentry","category-news"],"acf":[],"yoast_head":"<!-- This site is optimized with the Yoast SEO plugin v27.4 - https:\/\/yoast.com\/product\/yoast-seo-wordpress\/ -->\n<title>Gjesti human i shqiptarit nga Kosova q\u00eb gjeti kulet\u00ebn e aktores s\u00eb famshme Meryl Streep - Germin<\/title>\n<meta name=\"robots\" content=\"index, follow, max-snippet:-1, max-image-preview:large, max-video-preview:-1\" \/>\n<link rel=\"canonical\" href=\"https:\/\/germin.org\/sq\/gjesti-human-i-shqiptarit-te-kosoves-qe-gjeti-kuleten-e-aktores-se-famshme-amerikane-meryl-streep\/\" \/>\n<meta property=\"og:locale\" content=\"sq_AL\" \/>\n<meta property=\"og:type\" content=\"article\" \/>\n<meta property=\"og:title\" content=\"Gjesti human i shqiptarit nga Kosova q\u00eb gjeti kulet\u00ebn e aktores s\u00eb famshme Meryl Streep - Germin\" \/>\n<meta property=\"og:description\" content=\"Gazetari i CNN, Bill Weir, p\u00ebrmes nj\u00eb \u2018cic\u00ebrime\u2019 n\u00eb Twitter ka shkruar p\u00ebr nj\u00eb histori q\u00eb at\u00eb e ka mahnitur. Ai ka b\u00ebr\u00eb me dije q\u00eb nj\u00eb shqiptar nga Kosova q\u00eb jeton n\u00eb Shtetet e Bashkuara t\u00eb Amerik\u00ebs, nj\u00ebher\u00eb kishte gjetur nj\u00eb portofol me 2 mij\u00eb dollar\u00eb q\u00eb i p\u00ebrkiste aktores s\u00eb njohur amerikane, Maryl [&hellip;]\" \/>\n<meta property=\"og:url\" content=\"https:\/\/germin.org\/sq\/gjesti-human-i-shqiptarit-te-kosoves-qe-gjeti-kuleten-e-aktores-se-famshme-amerikane-meryl-streep\/\" \/>\n<meta property=\"og:site_name\" content=\"Germin\" \/>\n<meta property=\"article:published_time\" content=\"2022-03-21T10:48:50+00:00\" \/>\n<meta property=\"og:image\" content=\"https:\/\/germin.org\/wp-content\/uploads\/2022\/03\/meryl-streep.jpg\" \/>\n\t<meta property=\"og:image:width\" content=\"900\" \/>\n\t<meta property=\"og:image:height\" content=\"518\" \/>\n\t<meta property=\"og:image:type\" content=\"image\/jpeg\" \/>\n<meta name=\"author\" content=\"admin\" \/>\n<meta name=\"twitter:card\" content=\"summary_large_image\" \/>\n<meta name=\"twitter:label1\" content=\"Written by\" \/>\n\t<meta name=\"twitter:data1\" content=\"admin\" \/>\n\t<meta name=\"twitter:label2\" content=\"Est. reading time\" \/>\n\t<meta name=\"twitter:data2\" content=\"1 minute\" \/>\n<script type=\"application\/ld+json\" class=\"yoast-schema-graph\">{\"@context\":\"https:\\\/\\\/schema.org\",\"@graph\":[{\"@type\":\"Article\",\"@id\":\"https:\\\/\\\/germin.org\\\/gjesti-human-i-shqiptarit-te-kosoves-qe-gjeti-kuleten-e-aktores-se-famshme-amerikane-meryl-streep\\\/#article\",\"isPartOf\":{\"@id\":\"https:\\\/\\\/germin.org\\\/gjesti-human-i-shqiptarit-te-kosoves-qe-gjeti-kuleten-e-aktores-se-famshme-amerikane-meryl-streep\\\/\"},\"author\":{\"name\":\"admin\",\"@id\":\"https:\\\/\\\/germin.org\\\/#\\\/schema\\\/person\\\/e8d8cc608a68d517f9a0fee07ceecd36\"},\"headline\":\"Gjesti human i shqiptarit nga Kosova q\u00eb gjeti kulet\u00ebn e aktores s\u00eb famshme Meryl Streep\",\"datePublished\":\"2022-03-21T10:48:50+00:00\",\"mainEntityOfPage\":{\"@id\":\"https:\\\/\\\/germin.org\\\/gjesti-human-i-shqiptarit-te-kosoves-qe-gjeti-kuleten-e-aktores-se-famshme-amerikane-meryl-streep\\\/\"},\"wordCount\":206,\"publisher\":{\"@id\":\"https:\\\/\\\/germin.org\\\/#organization\"},\"image\":{\"@id\":\"https:\\\/\\\/germin.org\\\/gjesti-human-i-shqiptarit-te-kosoves-qe-gjeti-kuleten-e-aktores-se-famshme-amerikane-meryl-streep\\\/#primaryimage\"},\"thumbnailUrl\":\"https:\\\/\\\/germin.org\\\/wp-content\\\/uploads\\\/2022\\\/03\\\/meryl-streep.jpg\",\"articleSection\":[\"News\"],\"inLanguage\":\"sq\"},{\"@type\":\"WebPage\",\"@id\":\"https:\\\/\\\/germin.org\\\/gjesti-human-i-shqiptarit-te-kosoves-qe-gjeti-kuleten-e-aktores-se-famshme-amerikane-meryl-streep\\\/\",\"url\":\"https:\\\/\\\/germin.org\\\/gjesti-human-i-shqiptarit-te-kosoves-qe-gjeti-kuleten-e-aktores-se-famshme-amerikane-meryl-streep\\\/\",\"name\":\"Gjesti human i shqiptarit nga Kosova q\u00eb gjeti kulet\u00ebn e aktores s\u00eb famshme Meryl Streep - Germin\",\"isPartOf\":{\"@id\":\"https:\\\/\\\/germin.org\\\/#website\"},\"primaryImageOfPage\":{\"@id\":\"https:\\\/\\\/germin.org\\\/gjesti-human-i-shqiptarit-te-kosoves-qe-gjeti-kuleten-e-aktores-se-famshme-amerikane-meryl-streep\\\/#primaryimage\"},\"image\":{\"@id\":\"https:\\\/\\\/germin.org\\\/gjesti-human-i-shqiptarit-te-kosoves-qe-gjeti-kuleten-e-aktores-se-famshme-amerikane-meryl-streep\\\/#primaryimage\"},\"thumbnailUrl\":\"https:\\\/\\\/germin.org\\\/wp-content\\\/uploads\\\/2022\\\/03\\\/meryl-streep.jpg\",\"datePublished\":\"2022-03-21T10:48:50+00:00\",\"breadcrumb\":{\"@id\":\"https:\\\/\\\/germin.org\\\/gjesti-human-i-shqiptarit-te-kosoves-qe-gjeti-kuleten-e-aktores-se-famshme-amerikane-meryl-streep\\\/#breadcrumb\"},\"inLanguage\":\"sq\",\"potentialAction\":[{\"@type\":\"ReadAction\",\"target\":[\"https:\\\/\\\/germin.org\\\/gjesti-human-i-shqiptarit-te-kosoves-qe-gjeti-kuleten-e-aktores-se-famshme-amerikane-meryl-streep\\\/\"]}]},{\"@type\":\"ImageObject\",\"inLanguage\":\"sq\",\"@id\":\"https:\\\/\\\/germin.org\\\/gjesti-human-i-shqiptarit-te-kosoves-qe-gjeti-kuleten-e-aktores-se-famshme-amerikane-meryl-streep\\\/#primaryimage\",\"url\":\"https:\\\/\\\/germin.org\\\/wp-content\\\/uploads\\\/2022\\\/03\\\/meryl-streep.jpg\",\"contentUrl\":\"https:\\\/\\\/germin.org\\\/wp-content\\\/uploads\\\/2022\\\/03\\\/meryl-streep.jpg\",\"width\":900,\"height\":518},{\"@type\":\"BreadcrumbList\",\"@id\":\"https:\\\/\\\/germin.org\\\/gjesti-human-i-shqiptarit-te-kosoves-qe-gjeti-kuleten-e-aktores-se-famshme-amerikane-meryl-streep\\\/#breadcrumb\",\"itemListElement\":[{\"@type\":\"ListItem\",\"position\":1,\"name\":\"Home\",\"item\":\"https:\\\/\\\/germin.org\\\/\"},{\"@type\":\"ListItem\",\"position\":2,\"name\":\"Gjesti human i shqiptarit nga Kosova q\u00eb gjeti kulet\u00ebn e aktores s\u00eb famshme Meryl Streep\"}]},{\"@type\":\"WebSite\",\"@id\":\"https:\\\/\\\/germin.org\\\/#website\",\"url\":\"https:\\\/\\\/germin.org\\\/\",\"name\":\"Germin\",\"description\":\"Co-Creating the Future\",\"publisher\":{\"@id\":\"https:\\\/\\\/germin.org\\\/#organization\"},\"potentialAction\":[{\"@type\":\"SearchAction\",\"target\":{\"@type\":\"EntryPoint\",\"urlTemplate\":\"https:\\\/\\\/germin.org\\\/?s={search_term_string}\"},\"query-input\":{\"@type\":\"PropertyValueSpecification\",\"valueRequired\":true,\"valueName\":\"search_term_string\"}}],\"inLanguage\":\"sq\"},{\"@type\":\"Organization\",\"@id\":\"https:\\\/\\\/germin.org\\\/#organization\",\"name\":\"Germin\",\"url\":\"https:\\\/\\\/germin.org\\\/\",\"logo\":{\"@type\":\"ImageObject\",\"inLanguage\":\"sq\",\"@id\":\"https:\\\/\\\/germin.org\\\/#\\\/schema\\\/logo\\\/image\\\/\",\"url\":\"https:\\\/\\\/germin.org\\\/wp-content\\\/uploads\\\/2025\\\/05\\\/Germin_Logo-1.svg\",\"contentUrl\":\"https:\\\/\\\/germin.org\\\/wp-content\\\/uploads\\\/2025\\\/05\\\/Germin_Logo-1.svg\",\"width\":1282,\"height\":378,\"caption\":\"Germin\"},\"image\":{\"@id\":\"https:\\\/\\\/germin.org\\\/#\\\/schema\\\/logo\\\/image\\\/\"}},{\"@type\":\"Person\",\"@id\":\"https:\\\/\\\/germin.org\\\/#\\\/schema\\\/person\\\/e8d8cc608a68d517f9a0fee07ceecd36\",\"name\":\"admin\",\"image\":{\"@type\":\"ImageObject\",\"inLanguage\":\"sq\",\"@id\":\"https:\\\/\\\/secure.gravatar.com\\\/avatar\\\/7f2ea56e3c3d76eaa58c6b5bf4c22591cb49c03b8b6b3232a7ac93492efeff3a?s=96&d=mm&r=g\",\"url\":\"https:\\\/\\\/secure.gravatar.com\\\/avatar\\\/7f2ea56e3c3d76eaa58c6b5bf4c22591cb49c03b8b6b3232a7ac93492efeff3a?s=96&d=mm&r=g\",\"contentUrl\":\"https:\\\/\\\/secure.gravatar.com\\\/avatar\\\/7f2ea56e3c3d76eaa58c6b5bf4c22591cb49c03b8b6b3232a7ac93492efeff3a?s=96&d=mm&r=g\",\"caption\":\"admin\"},\"sameAs\":[\"https:\\\/\\\/germin.org\"],\"url\":\"https:\\\/\\\/germin.org\\\/sq\\\/author\\\/shpatferizi_kplna5o5\\\/\"}]}<\/script>\n<!-- \/ Yoast SEO plugin. -->","yoast_head_json":{"title":"Gjesti human i shqiptarit nga Kosova q\u00eb gjeti kulet\u00ebn e aktores s\u00eb famshme Meryl Streep - Germin","robots":{"index":"index","follow":"follow","max-snippet":"max-snippet:-1","max-image-preview":"max-image-preview:large","max-video-preview":"max-video-preview:-1"},"canonical":"https:\/\/germin.org\/sq\/gjesti-human-i-shqiptarit-te-kosoves-qe-gjeti-kuleten-e-aktores-se-famshme-amerikane-meryl-streep\/","og_locale":"sq_AL","og_type":"article","og_title":"Gjesti human i shqiptarit nga Kosova q\u00eb gjeti kulet\u00ebn e aktores s\u00eb famshme Meryl Streep - Germin","og_description":"Gazetari i CNN, Bill Weir, p\u00ebrmes nj\u00eb \u2018cic\u00ebrime\u2019 n\u00eb Twitter ka shkruar p\u00ebr nj\u00eb histori q\u00eb at\u00eb e ka mahnitur. Ai ka b\u00ebr\u00eb me dije q\u00eb nj\u00eb shqiptar nga Kosova q\u00eb jeton n\u00eb Shtetet e Bashkuara t\u00eb Amerik\u00ebs, nj\u00ebher\u00eb kishte gjetur nj\u00eb portofol me 2 mij\u00eb dollar\u00eb q\u00eb i p\u00ebrkiste aktores s\u00eb njohur amerikane, Maryl [&hellip;]","og_url":"https:\/\/germin.org\/sq\/gjesti-human-i-shqiptarit-te-kosoves-qe-gjeti-kuleten-e-aktores-se-famshme-amerikane-meryl-streep\/","og_site_name":"Germin","article_published_time":"2022-03-21T10:48:50+00:00","og_image":[{"width":900,"height":518,"url":"https:\/\/germin.org\/wp-content\/uploads\/2022\/03\/meryl-streep.jpg","type":"image\/jpeg"}],"author":"admin","twitter_card":"summary_large_image","twitter_misc":{"Written by":"admin","Est. reading time":"1 minute"},"schema":{"@context":"https:\/\/schema.org","@graph":[{"@type":"Article","@id":"https:\/\/germin.org\/gjesti-human-i-shqiptarit-te-kosoves-qe-gjeti-kuleten-e-aktores-se-famshme-amerikane-meryl-streep\/#article","isPartOf":{"@id":"https:\/\/germin.org\/gjesti-human-i-shqiptarit-te-kosoves-qe-gjeti-kuleten-e-aktores-se-famshme-amerikane-meryl-streep\/"},"author":{"name":"admin","@id":"https:\/\/germin.org\/#\/schema\/person\/e8d8cc608a68d517f9a0fee07ceecd36"},"headline":"Gjesti human i shqiptarit nga Kosova q\u00eb gjeti kulet\u00ebn e aktores s\u00eb famshme Meryl Streep","datePublished":"2022-03-21T10:48:50+00:00","mainEntityOfPage":{"@id":"https:\/\/germin.org\/gjesti-human-i-shqiptarit-te-kosoves-qe-gjeti-kuleten-e-aktores-se-famshme-amerikane-meryl-streep\/"},"wordCount":206,"publisher":{"@id":"https:\/\/germin.org\/#organization"},"image":{"@id":"https:\/\/germin.org\/gjesti-human-i-shqiptarit-te-kosoves-qe-gjeti-kuleten-e-aktores-se-famshme-amerikane-meryl-streep\/#primaryimage"},"thumbnailUrl":"https:\/\/germin.org\/wp-content\/uploads\/2022\/03\/meryl-streep.jpg","articleSection":["News"],"inLanguage":"sq"},{"@type":"WebPage","@id":"https:\/\/germin.org\/gjesti-human-i-shqiptarit-te-kosoves-qe-gjeti-kuleten-e-aktores-se-famshme-amerikane-meryl-streep\/","url":"https:\/\/germin.org\/gjesti-human-i-shqiptarit-te-kosoves-qe-gjeti-kuleten-e-aktores-se-famshme-amerikane-meryl-streep\/","name":"Gjesti human i shqiptarit nga Kosova q\u00eb gjeti kulet\u00ebn e aktores s\u00eb famshme Meryl Streep - Germin","isPartOf":{"@id":"https:\/\/germin.org\/#website"},"primaryImageOfPage":{"@id":"https:\/\/germin.org\/gjesti-human-i-shqiptarit-te-kosoves-qe-gjeti-kuleten-e-aktores-se-famshme-amerikane-meryl-streep\/#primaryimage"},"image":{"@id":"https:\/\/germin.org\/gjesti-human-i-shqiptarit-te-kosoves-qe-gjeti-kuleten-e-aktores-se-famshme-amerikane-meryl-streep\/#primaryimage"},"thumbnailUrl":"https:\/\/germin.org\/wp-content\/uploads\/2022\/03\/meryl-streep.jpg","datePublished":"2022-03-21T10:48:50+00:00","breadcrumb":{"@id":"https:\/\/germin.org\/gjesti-human-i-shqiptarit-te-kosoves-qe-gjeti-kuleten-e-aktores-se-famshme-amerikane-meryl-streep\/#breadcrumb"},"inLanguage":"sq","potentialAction":[{"@type":"ReadAction","target":["https:\/\/germin.org\/gjesti-human-i-shqiptarit-te-kosoves-qe-gjeti-kuleten-e-aktores-se-famshme-amerikane-meryl-streep\/"]}]},{"@type":"ImageObject","inLanguage":"sq","@id":"https:\/\/germin.org\/gjesti-human-i-shqiptarit-te-kosoves-qe-gjeti-kuleten-e-aktores-se-famshme-amerikane-meryl-streep\/#primaryimage","url":"https:\/\/germin.org\/wp-content\/uploads\/2022\/03\/meryl-streep.jpg","contentUrl":"https:\/\/germin.org\/wp-content\/uploads\/2022\/03\/meryl-streep.jpg","width":900,"height":518},{"@type":"BreadcrumbList","@id":"https:\/\/germin.org\/gjesti-human-i-shqiptarit-te-kosoves-qe-gjeti-kuleten-e-aktores-se-famshme-amerikane-meryl-streep\/#breadcrumb","itemListElement":[{"@type":"ListItem","position":1,"name":"Home","item":"https:\/\/germin.org\/"},{"@type":"ListItem","position":2,"name":"Gjesti human i shqiptarit nga Kosova q\u00eb gjeti kulet\u00ebn e aktores s\u00eb famshme Meryl Streep"}]},{"@type":"WebSite","@id":"https:\/\/germin.org\/#website","url":"https:\/\/germin.org\/","name":"Germin","description":"Co-Creating the Future","publisher":{"@id":"https:\/\/germin.org\/#organization"},"potentialAction":[{"@type":"SearchAction","target":{"@type":"EntryPoint","urlTemplate":"https:\/\/germin.org\/?s={search_term_string}"},"query-input":{"@type":"PropertyValueSpecification","valueRequired":true,"valueName":"search_term_string"}}],"inLanguage":"sq"},{"@type":"Organization","@id":"https:\/\/germin.org\/#organization","name":"Germin","url":"https:\/\/germin.org\/","logo":{"@type":"ImageObject","inLanguage":"sq","@id":"https:\/\/germin.org\/#\/schema\/logo\/image\/","url":"https:\/\/germin.org\/wp-content\/uploads\/2025\/05\/Germin_Logo-1.svg","contentUrl":"https:\/\/germin.org\/wp-content\/uploads\/2025\/05\/Germin_Logo-1.svg","width":1282,"height":378,"caption":"Germin"},"image":{"@id":"https:\/\/germin.org\/#\/schema\/logo\/image\/"}},{"@type":"Person","@id":"https:\/\/germin.org\/#\/schema\/person\/e8d8cc608a68d517f9a0fee07ceecd36","name":"admin","image":{"@type":"ImageObject","inLanguage":"sq","@id":"https:\/\/secure.gravatar.com\/avatar\/7f2ea56e3c3d76eaa58c6b5bf4c22591cb49c03b8b6b3232a7ac93492efeff3a?s=96&d=mm&r=g","url":"https:\/\/secure.gravatar.com\/avatar\/7f2ea56e3c3d76eaa58c6b5bf4c22591cb49c03b8b6b3232a7ac93492efeff3a?s=96&d=mm&r=g","contentUrl":"https:\/\/secure.gravatar.com\/avatar\/7f2ea56e3c3d76eaa58c6b5bf4c22591cb49c03b8b6b3232a7ac93492efeff3a?s=96&d=mm&r=g","caption":"admin"},"sameAs":["https:\/\/germin.org"],"url":"https:\/\/germin.org\/sq\/author\/shpatferizi_kplna5o5\/"}]}},"_links":{"self":[{"href":"https:\/\/germin.org\/sq\/wp-json\/wp\/v2\/posts\/6739","targetHints":{"allow":["GET"]}}],"collection":[{"href":"https:\/\/germin.org\/sq\/wp-json\/wp\/v2\/posts"}],"about":[{"href":"https:\/\/germin.org\/sq\/wp-json\/wp\/v2\/types\/post"}],"author":[{"embeddable":true,"href":"https:\/\/germin.org\/sq\/wp-json\/wp\/v2\/users\/1"}],"replies":[{"embeddable":true,"href":"https:\/\/germin.org\/sq\/wp-json\/wp\/v2\/comments?post=6739"}],"version-history":[{"count":0,"href":"https:\/\/germin.org\/sq\/wp-json\/wp\/v2\/posts\/6739\/revisions"}],"wp:featuredmedia":[{"embeddable":true,"href":"https:\/\/germin.org\/sq\/wp-json\/wp\/v2\/media\/6740"}],"wp:attachment":[{"href":"https:\/\/germin.org\/sq\/wp-json\/wp\/v2\/media?parent=6739"}],"wp:term":[{"taxonomy":"category","embeddable":true,"href":"https:\/\/germin.org\/sq\/wp-json\/wp\/v2\/categories?post=6739"},{"taxonomy":"post_tag","embeddable":true,"href":"https:\/\/germin.org\/sq\/wp-json\/wp\/v2\/tags?post=6739"}],"curies":[{"name":"wp","href":"https:\/\/api.w.org\/{rel}","templated":true}]}}