{"id":7111,"date":"2022-07-14T12:25:32","date_gmt":"2022-07-14T12:25:32","guid":{"rendered":"https:\/\/germin.org\/?p=7111"},"modified":"2022-07-14T12:25:32","modified_gmt":"2022-07-14T12:25:32","slug":"7111-2","status":"publish","type":"post","link":"https:\/\/germin.org\/sq\/7111-2\/","title":{"rendered":"V\u00ebllez\u00ebrit shqiptar\u00eb pjes\u00eb e America&#8217;s Got Talent"},"content":{"rendered":"<p>Shqiptar\u00ebt po vazhdojn\u00eb t\u00eb korrin sukses n\u00eb shum\u00eb fusha t\u00eb artit. Nj\u00eb sukses t\u00eb madh e kan\u00eb pasur edhe v\u00ebllez\u00ebrit Arnold dhe Artan Balla n\u00eb America&#8217;s Got Talent.<\/p>\n<p>P\u00ebr her\u00eb t\u00eb par\u00eb ka ndodhur q\u00eb dy shqiptar\u00eb t\u00eb marrin \u2018PO\u2019 nga gjith\u00eb an\u00ebtar\u00ebt e juris\u00eb, pasi kan\u00eb performuar para tyre. Juria p\u00ebrb\u00ebhet nga emra t\u00eb njohur si Simon Cowell, Heidi Klum dhe Sofia Vergara.<\/p>\n<p>Ndiqni n\u00eb linkun e m\u00ebposht\u00ebm dhe shijoni performanc\u00ebn e tyre:<\/p>\n<p><iframe title=\"The Most SHOCKING Balancing Act EVER! The Balla Brothers From Albania \ud83c\udde6\ud83c\uddf1 on America&#039;s Got Talent\" width=\"800\" height=\"450\" src=\"https:\/\/www.youtube.com\/embed\/lgovIaryB9M?feature=oembed\" frameborder=\"0\" allow=\"accelerometer; autoplay; clipboard-write; encrypted-media; gyroscope; picture-in-picture; web-share\" referrerpolicy=\"strict-origin-when-cross-origin\" allowfullscreen><\/iframe><\/p>","protected":false},"excerpt":{"rendered":"<p>Shqiptar\u00ebt po vazhdojn\u00eb t\u00eb korrin sukses n\u00eb shum\u00eb fusha t\u00eb artit. Nj\u00eb sukses t\u00eb madh e kan\u00eb pasur edhe v\u00ebllez\u00ebrit Arnold dhe Artan Balla n\u00eb America&#8217;s Got Talent. P\u00ebr her\u00eb t\u00eb par\u00eb ka ndodhur q\u00eb dy shqiptar\u00eb t\u00eb marrin \u2018PO\u2019 nga gjith\u00eb an\u00ebtar\u00ebt e juris\u00eb, pasi kan\u00eb performuar para tyre. Juria p\u00ebrb\u00ebhet nga emra t\u00eb [&hellip;]<\/p>\n","protected":false},"author":1,"featured_media":7116,"comment_status":"closed","ping_status":"closed","sticky":false,"template":"","format":"standard","meta":{"_acf_changed":false,"footnotes":""},"categories":[40],"tags":[],"class_list":["post-7111","post","type-post","status-publish","format-standard","has-post-thumbnail","hentry","category-news"],"acf":[],"yoast_head":"<!-- This site is optimized with the Yoast SEO plugin v27.4 - https:\/\/yoast.com\/product\/yoast-seo-wordpress\/ -->\n<title>V\u00ebllez\u00ebrit shqiptar\u00eb pjes\u00eb e America&#039;s Got Talent - Germin<\/title>\n<meta name=\"robots\" content=\"index, follow, max-snippet:-1, max-image-preview:large, max-video-preview:-1\" \/>\n<link rel=\"canonical\" href=\"https:\/\/germin.org\/sq\/7111-2\/\" \/>\n<meta property=\"og:locale\" content=\"sq_AL\" \/>\n<meta property=\"og:type\" content=\"article\" \/>\n<meta property=\"og:title\" content=\"V\u00ebllez\u00ebrit shqiptar\u00eb pjes\u00eb e America&#039;s Got Talent - Germin\" \/>\n<meta property=\"og:description\" content=\"Shqiptar\u00ebt po vazhdojn\u00eb t\u00eb korrin sukses n\u00eb shum\u00eb fusha t\u00eb artit. Nj\u00eb sukses t\u00eb madh e kan\u00eb pasur edhe v\u00ebllez\u00ebrit Arnold dhe Artan Balla n\u00eb America&#8217;s Got Talent. P\u00ebr her\u00eb t\u00eb par\u00eb ka ndodhur q\u00eb dy shqiptar\u00eb t\u00eb marrin \u2018PO\u2019 nga gjith\u00eb an\u00ebtar\u00ebt e juris\u00eb, pasi kan\u00eb performuar para tyre. Juria p\u00ebrb\u00ebhet nga emra t\u00eb [&hellip;]\" \/>\n<meta property=\"og:url\" content=\"https:\/\/germin.org\/sq\/7111-2\/\" \/>\n<meta property=\"og:site_name\" content=\"Germin\" \/>\n<meta property=\"article:published_time\" content=\"2022-07-14T12:25:32+00:00\" \/>\n<meta property=\"og:image\" content=\"https:\/\/germin.org\/wp-content\/uploads\/2022\/07\/WhatsApp-Image-2022-07-14-at-11.48.34-AM-1.jpeg\" \/>\n\t<meta property=\"og:image:width\" content=\"398\" \/>\n\t<meta property=\"og:image:height\" content=\"336\" \/>\n\t<meta property=\"og:image:type\" content=\"image\/jpeg\" \/>\n<meta name=\"author\" content=\"admin\" \/>\n<meta name=\"twitter:card\" content=\"summary_large_image\" \/>\n<meta name=\"twitter:label1\" content=\"Written by\" \/>\n\t<meta name=\"twitter:data1\" content=\"admin\" \/>\n\t<meta name=\"twitter:label2\" content=\"Est. reading time\" \/>\n\t<meta name=\"twitter:data2\" content=\"1 minute\" \/>\n<script type=\"application\/ld+json\" class=\"yoast-schema-graph\">{\"@context\":\"https:\\\/\\\/schema.org\",\"@graph\":[{\"@type\":\"Article\",\"@id\":\"https:\\\/\\\/germin.org\\\/7111-2\\\/#article\",\"isPartOf\":{\"@id\":\"https:\\\/\\\/germin.org\\\/7111-2\\\/\"},\"author\":{\"name\":\"admin\",\"@id\":\"https:\\\/\\\/germin.org\\\/#\\\/schema\\\/person\\\/e8d8cc608a68d517f9a0fee07ceecd36\"},\"headline\":\"V\u00ebllez\u00ebrit shqiptar\u00eb pjes\u00eb e America&#8217;s Got Talent\",\"datePublished\":\"2022-07-14T12:25:32+00:00\",\"mainEntityOfPage\":{\"@id\":\"https:\\\/\\\/germin.org\\\/7111-2\\\/\"},\"wordCount\":102,\"publisher\":{\"@id\":\"https:\\\/\\\/germin.org\\\/#organization\"},\"image\":{\"@id\":\"https:\\\/\\\/germin.org\\\/7111-2\\\/#primaryimage\"},\"thumbnailUrl\":\"https:\\\/\\\/germin.org\\\/wp-content\\\/uploads\\\/2022\\\/07\\\/WhatsApp-Image-2022-07-14-at-11.48.34-AM-1.jpeg\",\"articleSection\":[\"News\"],\"inLanguage\":\"sq\"},{\"@type\":\"WebPage\",\"@id\":\"https:\\\/\\\/germin.org\\\/7111-2\\\/\",\"url\":\"https:\\\/\\\/germin.org\\\/7111-2\\\/\",\"name\":\"V\u00ebllez\u00ebrit shqiptar\u00eb pjes\u00eb e America's Got Talent - Germin\",\"isPartOf\":{\"@id\":\"https:\\\/\\\/germin.org\\\/#website\"},\"primaryImageOfPage\":{\"@id\":\"https:\\\/\\\/germin.org\\\/7111-2\\\/#primaryimage\"},\"image\":{\"@id\":\"https:\\\/\\\/germin.org\\\/7111-2\\\/#primaryimage\"},\"thumbnailUrl\":\"https:\\\/\\\/germin.org\\\/wp-content\\\/uploads\\\/2022\\\/07\\\/WhatsApp-Image-2022-07-14-at-11.48.34-AM-1.jpeg\",\"datePublished\":\"2022-07-14T12:25:32+00:00\",\"breadcrumb\":{\"@id\":\"https:\\\/\\\/germin.org\\\/7111-2\\\/#breadcrumb\"},\"inLanguage\":\"sq\",\"potentialAction\":[{\"@type\":\"ReadAction\",\"target\":[\"https:\\\/\\\/germin.org\\\/7111-2\\\/\"]}]},{\"@type\":\"ImageObject\",\"inLanguage\":\"sq\",\"@id\":\"https:\\\/\\\/germin.org\\\/7111-2\\\/#primaryimage\",\"url\":\"https:\\\/\\\/germin.org\\\/wp-content\\\/uploads\\\/2022\\\/07\\\/WhatsApp-Image-2022-07-14-at-11.48.34-AM-1.jpeg\",\"contentUrl\":\"https:\\\/\\\/germin.org\\\/wp-content\\\/uploads\\\/2022\\\/07\\\/WhatsApp-Image-2022-07-14-at-11.48.34-AM-1.jpeg\",\"width\":398,\"height\":336},{\"@type\":\"BreadcrumbList\",\"@id\":\"https:\\\/\\\/germin.org\\\/7111-2\\\/#breadcrumb\",\"itemListElement\":[{\"@type\":\"ListItem\",\"position\":1,\"name\":\"Home\",\"item\":\"https:\\\/\\\/germin.org\\\/\"},{\"@type\":\"ListItem\",\"position\":2,\"name\":\"V\u00ebllez\u00ebrit shqiptar\u00eb pjes\u00eb e America&#8217;s Got Talent\"}]},{\"@type\":\"WebSite\",\"@id\":\"https:\\\/\\\/germin.org\\\/#website\",\"url\":\"https:\\\/\\\/germin.org\\\/\",\"name\":\"Germin\",\"description\":\"Co-Creating the Future\",\"publisher\":{\"@id\":\"https:\\\/\\\/germin.org\\\/#organization\"},\"potentialAction\":[{\"@type\":\"SearchAction\",\"target\":{\"@type\":\"EntryPoint\",\"urlTemplate\":\"https:\\\/\\\/germin.org\\\/?s={search_term_string}\"},\"query-input\":{\"@type\":\"PropertyValueSpecification\",\"valueRequired\":true,\"valueName\":\"search_term_string\"}}],\"inLanguage\":\"sq\"},{\"@type\":\"Organization\",\"@id\":\"https:\\\/\\\/germin.org\\\/#organization\",\"name\":\"Germin\",\"url\":\"https:\\\/\\\/germin.org\\\/\",\"logo\":{\"@type\":\"ImageObject\",\"inLanguage\":\"sq\",\"@id\":\"https:\\\/\\\/germin.org\\\/#\\\/schema\\\/logo\\\/image\\\/\",\"url\":\"https:\\\/\\\/germin.org\\\/wp-content\\\/uploads\\\/2025\\\/05\\\/Germin_Logo-1.svg\",\"contentUrl\":\"https:\\\/\\\/germin.org\\\/wp-content\\\/uploads\\\/2025\\\/05\\\/Germin_Logo-1.svg\",\"width\":1282,\"height\":378,\"caption\":\"Germin\"},\"image\":{\"@id\":\"https:\\\/\\\/germin.org\\\/#\\\/schema\\\/logo\\\/image\\\/\"}},{\"@type\":\"Person\",\"@id\":\"https:\\\/\\\/germin.org\\\/#\\\/schema\\\/person\\\/e8d8cc608a68d517f9a0fee07ceecd36\",\"name\":\"admin\",\"image\":{\"@type\":\"ImageObject\",\"inLanguage\":\"sq\",\"@id\":\"https:\\\/\\\/secure.gravatar.com\\\/avatar\\\/7f2ea56e3c3d76eaa58c6b5bf4c22591cb49c03b8b6b3232a7ac93492efeff3a?s=96&d=mm&r=g\",\"url\":\"https:\\\/\\\/secure.gravatar.com\\\/avatar\\\/7f2ea56e3c3d76eaa58c6b5bf4c22591cb49c03b8b6b3232a7ac93492efeff3a?s=96&d=mm&r=g\",\"contentUrl\":\"https:\\\/\\\/secure.gravatar.com\\\/avatar\\\/7f2ea56e3c3d76eaa58c6b5bf4c22591cb49c03b8b6b3232a7ac93492efeff3a?s=96&d=mm&r=g\",\"caption\":\"admin\"},\"sameAs\":[\"https:\\\/\\\/germin.org\"],\"url\":\"https:\\\/\\\/germin.org\\\/sq\\\/author\\\/shpatferizi_kplna5o5\\\/\"}]}<\/script>\n<!-- \/ Yoast SEO plugin. -->","yoast_head_json":{"title":"V\u00ebllez\u00ebrit shqiptar\u00eb pjes\u00eb e America's Got Talent - Germin","robots":{"index":"index","follow":"follow","max-snippet":"max-snippet:-1","max-image-preview":"max-image-preview:large","max-video-preview":"max-video-preview:-1"},"canonical":"https:\/\/germin.org\/sq\/7111-2\/","og_locale":"sq_AL","og_type":"article","og_title":"V\u00ebllez\u00ebrit shqiptar\u00eb pjes\u00eb e America's Got Talent - Germin","og_description":"Shqiptar\u00ebt po vazhdojn\u00eb t\u00eb korrin sukses n\u00eb shum\u00eb fusha t\u00eb artit. Nj\u00eb sukses t\u00eb madh e kan\u00eb pasur edhe v\u00ebllez\u00ebrit Arnold dhe Artan Balla n\u00eb America&#8217;s Got Talent. P\u00ebr her\u00eb t\u00eb par\u00eb ka ndodhur q\u00eb dy shqiptar\u00eb t\u00eb marrin \u2018PO\u2019 nga gjith\u00eb an\u00ebtar\u00ebt e juris\u00eb, pasi kan\u00eb performuar para tyre. Juria p\u00ebrb\u00ebhet nga emra t\u00eb [&hellip;]","og_url":"https:\/\/germin.org\/sq\/7111-2\/","og_site_name":"Germin","article_published_time":"2022-07-14T12:25:32+00:00","og_image":[{"width":398,"height":336,"url":"https:\/\/germin.org\/wp-content\/uploads\/2022\/07\/WhatsApp-Image-2022-07-14-at-11.48.34-AM-1.jpeg","type":"image\/jpeg"}],"author":"admin","twitter_card":"summary_large_image","twitter_misc":{"Written by":"admin","Est. reading time":"1 minute"},"schema":{"@context":"https:\/\/schema.org","@graph":[{"@type":"Article","@id":"https:\/\/germin.org\/7111-2\/#article","isPartOf":{"@id":"https:\/\/germin.org\/7111-2\/"},"author":{"name":"admin","@id":"https:\/\/germin.org\/#\/schema\/person\/e8d8cc608a68d517f9a0fee07ceecd36"},"headline":"V\u00ebllez\u00ebrit shqiptar\u00eb pjes\u00eb e America&#8217;s Got Talent","datePublished":"2022-07-14T12:25:32+00:00","mainEntityOfPage":{"@id":"https:\/\/germin.org\/7111-2\/"},"wordCount":102,"publisher":{"@id":"https:\/\/germin.org\/#organization"},"image":{"@id":"https:\/\/germin.org\/7111-2\/#primaryimage"},"thumbnailUrl":"https:\/\/germin.org\/wp-content\/uploads\/2022\/07\/WhatsApp-Image-2022-07-14-at-11.48.34-AM-1.jpeg","articleSection":["News"],"inLanguage":"sq"},{"@type":"WebPage","@id":"https:\/\/germin.org\/7111-2\/","url":"https:\/\/germin.org\/7111-2\/","name":"V\u00ebllez\u00ebrit shqiptar\u00eb pjes\u00eb e America's Got Talent - Germin","isPartOf":{"@id":"https:\/\/germin.org\/#website"},"primaryImageOfPage":{"@id":"https:\/\/germin.org\/7111-2\/#primaryimage"},"image":{"@id":"https:\/\/germin.org\/7111-2\/#primaryimage"},"thumbnailUrl":"https:\/\/germin.org\/wp-content\/uploads\/2022\/07\/WhatsApp-Image-2022-07-14-at-11.48.34-AM-1.jpeg","datePublished":"2022-07-14T12:25:32+00:00","breadcrumb":{"@id":"https:\/\/germin.org\/7111-2\/#breadcrumb"},"inLanguage":"sq","potentialAction":[{"@type":"ReadAction","target":["https:\/\/germin.org\/7111-2\/"]}]},{"@type":"ImageObject","inLanguage":"sq","@id":"https:\/\/germin.org\/7111-2\/#primaryimage","url":"https:\/\/germin.org\/wp-content\/uploads\/2022\/07\/WhatsApp-Image-2022-07-14-at-11.48.34-AM-1.jpeg","contentUrl":"https:\/\/germin.org\/wp-content\/uploads\/2022\/07\/WhatsApp-Image-2022-07-14-at-11.48.34-AM-1.jpeg","width":398,"height":336},{"@type":"BreadcrumbList","@id":"https:\/\/germin.org\/7111-2\/#breadcrumb","itemListElement":[{"@type":"ListItem","position":1,"name":"Home","item":"https:\/\/germin.org\/"},{"@type":"ListItem","position":2,"name":"V\u00ebllez\u00ebrit shqiptar\u00eb pjes\u00eb e America&#8217;s Got Talent"}]},{"@type":"WebSite","@id":"https:\/\/germin.org\/#website","url":"https:\/\/germin.org\/","name":"Germin","description":"Co-Creating the Future","publisher":{"@id":"https:\/\/germin.org\/#organization"},"potentialAction":[{"@type":"SearchAction","target":{"@type":"EntryPoint","urlTemplate":"https:\/\/germin.org\/?s={search_term_string}"},"query-input":{"@type":"PropertyValueSpecification","valueRequired":true,"valueName":"search_term_string"}}],"inLanguage":"sq"},{"@type":"Organization","@id":"https:\/\/germin.org\/#organization","name":"Germin","url":"https:\/\/germin.org\/","logo":{"@type":"ImageObject","inLanguage":"sq","@id":"https:\/\/germin.org\/#\/schema\/logo\/image\/","url":"https:\/\/germin.org\/wp-content\/uploads\/2025\/05\/Germin_Logo-1.svg","contentUrl":"https:\/\/germin.org\/wp-content\/uploads\/2025\/05\/Germin_Logo-1.svg","width":1282,"height":378,"caption":"Germin"},"image":{"@id":"https:\/\/germin.org\/#\/schema\/logo\/image\/"}},{"@type":"Person","@id":"https:\/\/germin.org\/#\/schema\/person\/e8d8cc608a68d517f9a0fee07ceecd36","name":"admin","image":{"@type":"ImageObject","inLanguage":"sq","@id":"https:\/\/secure.gravatar.com\/avatar\/7f2ea56e3c3d76eaa58c6b5bf4c22591cb49c03b8b6b3232a7ac93492efeff3a?s=96&d=mm&r=g","url":"https:\/\/secure.gravatar.com\/avatar\/7f2ea56e3c3d76eaa58c6b5bf4c22591cb49c03b8b6b3232a7ac93492efeff3a?s=96&d=mm&r=g","contentUrl":"https:\/\/secure.gravatar.com\/avatar\/7f2ea56e3c3d76eaa58c6b5bf4c22591cb49c03b8b6b3232a7ac93492efeff3a?s=96&d=mm&r=g","caption":"admin"},"sameAs":["https:\/\/germin.org"],"url":"https:\/\/germin.org\/sq\/author\/shpatferizi_kplna5o5\/"}]}},"_links":{"self":[{"href":"https:\/\/germin.org\/sq\/wp-json\/wp\/v2\/posts\/7111","targetHints":{"allow":["GET"]}}],"collection":[{"href":"https:\/\/germin.org\/sq\/wp-json\/wp\/v2\/posts"}],"about":[{"href":"https:\/\/germin.org\/sq\/wp-json\/wp\/v2\/types\/post"}],"author":[{"embeddable":true,"href":"https:\/\/germin.org\/sq\/wp-json\/wp\/v2\/users\/1"}],"replies":[{"embeddable":true,"href":"https:\/\/germin.org\/sq\/wp-json\/wp\/v2\/comments?post=7111"}],"version-history":[{"count":0,"href":"https:\/\/germin.org\/sq\/wp-json\/wp\/v2\/posts\/7111\/revisions"}],"wp:featuredmedia":[{"embeddable":true,"href":"https:\/\/germin.org\/sq\/wp-json\/wp\/v2\/media\/7116"}],"wp:attachment":[{"href":"https:\/\/germin.org\/sq\/wp-json\/wp\/v2\/media?parent=7111"}],"wp:term":[{"taxonomy":"category","embeddable":true,"href":"https:\/\/germin.org\/sq\/wp-json\/wp\/v2\/categories?post=7111"},{"taxonomy":"post_tag","embeddable":true,"href":"https:\/\/germin.org\/sq\/wp-json\/wp\/v2\/tags?post=7111"}],"curies":[{"name":"wp","href":"https:\/\/api.w.org\/{rel}","templated":true}]}}