{"id":7280,"date":"2022-09-15T11:43:07","date_gmt":"2022-09-15T11:43:07","guid":{"rendered":"https:\/\/germin.org\/?p=7280"},"modified":"2022-09-15T11:43:07","modified_gmt":"2022-09-15T11:43:07","slug":"fadil-berisha-joins-the-germin-board-of-directors","status":"publish","type":"post","link":"https:\/\/germin.org\/sq\/fadil-berisha-joins-the-germin-board-of-directors\/","title":{"rendered":"Fadil Berisha joins the board of directors of GERMIN"},"content":{"rendered":"<p>We are pleased to announce that Fadil Berisha, a well-known photographer, has joined the GERMIN Board of Directors.<\/p>\n<p>Berisha joins the GERMIN professional board to contribute to the Albanian diaspora and his country of origin.<\/p>\n<p>Fadil Berisha was born in Kosovo but at an early age, he emigrated to Italy and then to America. Despite spending his entire life on the American continent, the connection with the Albanians has never faded. On the contrary, it remains the primary address for many Albanians who emigrate to America. Through his art, Berisha tries to present Albanians from another angle &#8211; demonstrating that Albanians have a rich tradition, culture, and history.<\/p>\n<p>Berisha has passed down this love of his homeland from generation to generation. In the interviews given to the Albanian media, Berisha always mentions that his parents are one of the reasons that he has never stopped contributing to his country of origin.<\/p>\n<p>&#8220;I always remember my mother with tears in her eyes, I remember the desire to see these places and people for whom my parents had so much longing and love&#8221;, said Berisha in an interview given to\u00a0<a href=\"http:\/\/telegrafi.com\/\" data-attribute-index=\"6\">Telegrafi.com<\/a>\u00a0in April of the year 2019.<\/p>\n<p><b>Por Berisha nuk njihet vet\u00ebm nga komuniteti shqiptar.<\/b> Ai e nisi karrier\u00ebn e tij profesionale duke fotografuar gra t\u00eb famshme, si Denise Richards, ish-bashk\u00ebshortja e aktorit Charlie Sheen. Pas saj, Berisha fotografoi personalitete t\u00eb njohura bot\u00ebrore si Donald Trump, Russell Simmons, Bill Clinton, Halle Berry, Snoop Dogg, Roger Federer, Fergie, Patti LaBelle, Harry Belafonte, Jennifer Beals, Beverly Johnson, Robert Evans, Kim Kardashian, Tyra Banks dhe t\u00eb tjer\u00eb.<\/p>\n<p>GERMIN&#8217;s Board of Directors has always played an active role in our organization&#8217;s decisions and mission. As a result, the GERMIN team is happy that a well-known personality like Berisha will now contribute to our permanent mission, connecting the Albanian diaspora with their homeland.<\/p>\n<p>GERMIN is a non-governmental organization that uses technology and virtual channels to connect and engage the Diaspora in advancing the development and democratization of their countries. GERMIN began in 2011 as an informal group seeking a way to connect with the homeland and was officially established in 2014. GERMIN currently operates from offices in Prishtina and Tirana.<\/p>\n<p>&nbsp;<\/p>","protected":false},"excerpt":{"rendered":"<p>We are pleased to announce that Fadil Berisha, a well-known photographer, has joined the GERMIN Board of Directors. Berisha joins the GERMIN professional board to contribute to the Albanian diaspora and his country of origin. Fadil Berisha was born in Kosovo but at an early age, he emigrated to Italy and then to America. Despite [&hellip;]<\/p>\n","protected":false},"author":1,"featured_media":7283,"comment_status":"closed","ping_status":"closed","sticky":false,"template":"","format":"standard","meta":{"_acf_changed":false,"footnotes":""},"categories":[40,102],"tags":[],"class_list":["post-7280","post","type-post","status-publish","format-standard","has-post-thumbnail","hentry","category-news","category-news-sq"],"acf":[],"yoast_head":"<!-- This site is optimized with the Yoast SEO plugin v27.4 - https:\/\/yoast.com\/product\/yoast-seo-wordpress\/ -->\n<title>Fadil Berisha joins the board of directors of GERMIN - Germin<\/title>\n<meta name=\"robots\" content=\"index, follow, max-snippet:-1, max-image-preview:large, max-video-preview:-1\" \/>\n<link rel=\"canonical\" href=\"https:\/\/germin.org\/sq\/fadil-berisha-joins-the-germin-board-of-directors\/\" \/>\n<meta property=\"og:locale\" content=\"sq_AL\" \/>\n<meta property=\"og:type\" content=\"article\" \/>\n<meta property=\"og:title\" content=\"Fadil Berisha joins the board of directors of GERMIN - Germin\" \/>\n<meta property=\"og:description\" content=\"We are pleased to announce that Fadil Berisha, a well-known photographer, has joined the GERMIN Board of Directors. Berisha joins the GERMIN professional board to contribute to the Albanian diaspora and his country of origin. Fadil Berisha was born in Kosovo but at an early age, he emigrated to Italy and then to America. Despite [&hellip;]\" \/>\n<meta property=\"og:url\" content=\"https:\/\/germin.org\/sq\/fadil-berisha-joins-the-germin-board-of-directors\/\" \/>\n<meta property=\"og:site_name\" content=\"Germin\" \/>\n<meta property=\"article:published_time\" content=\"2022-09-15T11:43:07+00:00\" \/>\n<meta property=\"og:image\" content=\"https:\/\/germin.org\/wp-content\/uploads\/2022\/09\/fadil-berisha-profile3-980x719-1.jpg\" \/>\n\t<meta property=\"og:image:width\" content=\"980\" \/>\n\t<meta property=\"og:image:height\" content=\"719\" \/>\n\t<meta property=\"og:image:type\" content=\"image\/jpeg\" \/>\n<meta name=\"author\" content=\"admin\" \/>\n<meta name=\"twitter:card\" content=\"summary_large_image\" \/>\n<meta name=\"twitter:label1\" content=\"Written by\" \/>\n\t<meta name=\"twitter:data1\" content=\"admin\" \/>\n\t<meta name=\"twitter:label2\" content=\"Est. reading time\" \/>\n\t<meta name=\"twitter:data2\" content=\"2 minutes\" \/>\n<script type=\"application\/ld+json\" class=\"yoast-schema-graph\">{\"@context\":\"https:\\\/\\\/schema.org\",\"@graph\":[{\"@type\":\"Article\",\"@id\":\"https:\\\/\\\/germin.org\\\/fadil-berisha-joins-the-germin-board-of-directors\\\/#article\",\"isPartOf\":{\"@id\":\"https:\\\/\\\/germin.org\\\/fadil-berisha-joins-the-germin-board-of-directors\\\/\"},\"author\":{\"name\":\"admin\",\"@id\":\"https:\\\/\\\/germin.org\\\/#\\\/schema\\\/person\\\/e8d8cc608a68d517f9a0fee07ceecd36\"},\"headline\":\"Fadil Berisha joins the board of directors of GERMIN\",\"datePublished\":\"2022-09-15T11:43:07+00:00\",\"mainEntityOfPage\":{\"@id\":\"https:\\\/\\\/germin.org\\\/fadil-berisha-joins-the-germin-board-of-directors\\\/\"},\"wordCount\":370,\"publisher\":{\"@id\":\"https:\\\/\\\/germin.org\\\/#organization\"},\"image\":{\"@id\":\"https:\\\/\\\/germin.org\\\/fadil-berisha-joins-the-germin-board-of-directors\\\/#primaryimage\"},\"thumbnailUrl\":\"https:\\\/\\\/germin.org\\\/wp-content\\\/uploads\\\/2022\\\/09\\\/fadil-berisha-profile3-980x719-1.jpg\",\"articleSection\":[\"News\",\"News\"],\"inLanguage\":\"sq\"},{\"@type\":\"WebPage\",\"@id\":\"https:\\\/\\\/germin.org\\\/fadil-berisha-joins-the-germin-board-of-directors\\\/\",\"url\":\"https:\\\/\\\/germin.org\\\/fadil-berisha-joins-the-germin-board-of-directors\\\/\",\"name\":\"Fadil Berisha joins the board of directors of GERMIN - Germin\",\"isPartOf\":{\"@id\":\"https:\\\/\\\/germin.org\\\/#website\"},\"primaryImageOfPage\":{\"@id\":\"https:\\\/\\\/germin.org\\\/fadil-berisha-joins-the-germin-board-of-directors\\\/#primaryimage\"},\"image\":{\"@id\":\"https:\\\/\\\/germin.org\\\/fadil-berisha-joins-the-germin-board-of-directors\\\/#primaryimage\"},\"thumbnailUrl\":\"https:\\\/\\\/germin.org\\\/wp-content\\\/uploads\\\/2022\\\/09\\\/fadil-berisha-profile3-980x719-1.jpg\",\"datePublished\":\"2022-09-15T11:43:07+00:00\",\"breadcrumb\":{\"@id\":\"https:\\\/\\\/germin.org\\\/fadil-berisha-joins-the-germin-board-of-directors\\\/#breadcrumb\"},\"inLanguage\":\"sq\",\"potentialAction\":[{\"@type\":\"ReadAction\",\"target\":[\"https:\\\/\\\/germin.org\\\/fadil-berisha-joins-the-germin-board-of-directors\\\/\"]}]},{\"@type\":\"ImageObject\",\"inLanguage\":\"sq\",\"@id\":\"https:\\\/\\\/germin.org\\\/fadil-berisha-joins-the-germin-board-of-directors\\\/#primaryimage\",\"url\":\"https:\\\/\\\/germin.org\\\/wp-content\\\/uploads\\\/2022\\\/09\\\/fadil-berisha-profile3-980x719-1.jpg\",\"contentUrl\":\"https:\\\/\\\/germin.org\\\/wp-content\\\/uploads\\\/2022\\\/09\\\/fadil-berisha-profile3-980x719-1.jpg\",\"width\":980,\"height\":719},{\"@type\":\"BreadcrumbList\",\"@id\":\"https:\\\/\\\/germin.org\\\/fadil-berisha-joins-the-germin-board-of-directors\\\/#breadcrumb\",\"itemListElement\":[{\"@type\":\"ListItem\",\"position\":1,\"name\":\"Home\",\"item\":\"https:\\\/\\\/germin.org\\\/\"},{\"@type\":\"ListItem\",\"position\":2,\"name\":\"Fadil Berisha joins the board of directors of GERMIN\"}]},{\"@type\":\"WebSite\",\"@id\":\"https:\\\/\\\/germin.org\\\/#website\",\"url\":\"https:\\\/\\\/germin.org\\\/\",\"name\":\"Germin\",\"description\":\"Co-Creating the Future\",\"publisher\":{\"@id\":\"https:\\\/\\\/germin.org\\\/#organization\"},\"potentialAction\":[{\"@type\":\"SearchAction\",\"target\":{\"@type\":\"EntryPoint\",\"urlTemplate\":\"https:\\\/\\\/germin.org\\\/?s={search_term_string}\"},\"query-input\":{\"@type\":\"PropertyValueSpecification\",\"valueRequired\":true,\"valueName\":\"search_term_string\"}}],\"inLanguage\":\"sq\"},{\"@type\":\"Organization\",\"@id\":\"https:\\\/\\\/germin.org\\\/#organization\",\"name\":\"Germin\",\"url\":\"https:\\\/\\\/germin.org\\\/\",\"logo\":{\"@type\":\"ImageObject\",\"inLanguage\":\"sq\",\"@id\":\"https:\\\/\\\/germin.org\\\/#\\\/schema\\\/logo\\\/image\\\/\",\"url\":\"https:\\\/\\\/germin.org\\\/wp-content\\\/uploads\\\/2025\\\/05\\\/Germin_Logo-1.svg\",\"contentUrl\":\"https:\\\/\\\/germin.org\\\/wp-content\\\/uploads\\\/2025\\\/05\\\/Germin_Logo-1.svg\",\"width\":1282,\"height\":378,\"caption\":\"Germin\"},\"image\":{\"@id\":\"https:\\\/\\\/germin.org\\\/#\\\/schema\\\/logo\\\/image\\\/\"}},{\"@type\":\"Person\",\"@id\":\"https:\\\/\\\/germin.org\\\/#\\\/schema\\\/person\\\/e8d8cc608a68d517f9a0fee07ceecd36\",\"name\":\"admin\",\"image\":{\"@type\":\"ImageObject\",\"inLanguage\":\"sq\",\"@id\":\"https:\\\/\\\/secure.gravatar.com\\\/avatar\\\/7f2ea56e3c3d76eaa58c6b5bf4c22591cb49c03b8b6b3232a7ac93492efeff3a?s=96&d=mm&r=g\",\"url\":\"https:\\\/\\\/secure.gravatar.com\\\/avatar\\\/7f2ea56e3c3d76eaa58c6b5bf4c22591cb49c03b8b6b3232a7ac93492efeff3a?s=96&d=mm&r=g\",\"contentUrl\":\"https:\\\/\\\/secure.gravatar.com\\\/avatar\\\/7f2ea56e3c3d76eaa58c6b5bf4c22591cb49c03b8b6b3232a7ac93492efeff3a?s=96&d=mm&r=g\",\"caption\":\"admin\"},\"sameAs\":[\"https:\\\/\\\/germin.org\"],\"url\":\"https:\\\/\\\/germin.org\\\/sq\\\/author\\\/shpatferizi_kplna5o5\\\/\"}]}<\/script>\n<!-- \/ Yoast SEO plugin. -->","yoast_head_json":{"title":"Fadil Berisha joins the board of directors of GERMIN - Germin","robots":{"index":"index","follow":"follow","max-snippet":"max-snippet:-1","max-image-preview":"max-image-preview:large","max-video-preview":"max-video-preview:-1"},"canonical":"https:\/\/germin.org\/sq\/fadil-berisha-joins-the-germin-board-of-directors\/","og_locale":"sq_AL","og_type":"article","og_title":"Fadil Berisha joins the board of directors of GERMIN - Germin","og_description":"We are pleased to announce that Fadil Berisha, a well-known photographer, has joined the GERMIN Board of Directors. Berisha joins the GERMIN professional board to contribute to the Albanian diaspora and his country of origin. Fadil Berisha was born in Kosovo but at an early age, he emigrated to Italy and then to America. Despite [&hellip;]","og_url":"https:\/\/germin.org\/sq\/fadil-berisha-joins-the-germin-board-of-directors\/","og_site_name":"Germin","article_published_time":"2022-09-15T11:43:07+00:00","og_image":[{"width":980,"height":719,"url":"https:\/\/germin.org\/wp-content\/uploads\/2022\/09\/fadil-berisha-profile3-980x719-1.jpg","type":"image\/jpeg"}],"author":"admin","twitter_card":"summary_large_image","twitter_misc":{"Written by":"admin","Est. reading time":"2 minutes"},"schema":{"@context":"https:\/\/schema.org","@graph":[{"@type":"Article","@id":"https:\/\/germin.org\/fadil-berisha-joins-the-germin-board-of-directors\/#article","isPartOf":{"@id":"https:\/\/germin.org\/fadil-berisha-joins-the-germin-board-of-directors\/"},"author":{"name":"admin","@id":"https:\/\/germin.org\/#\/schema\/person\/e8d8cc608a68d517f9a0fee07ceecd36"},"headline":"Fadil Berisha joins the board of directors of GERMIN","datePublished":"2022-09-15T11:43:07+00:00","mainEntityOfPage":{"@id":"https:\/\/germin.org\/fadil-berisha-joins-the-germin-board-of-directors\/"},"wordCount":370,"publisher":{"@id":"https:\/\/germin.org\/#organization"},"image":{"@id":"https:\/\/germin.org\/fadil-berisha-joins-the-germin-board-of-directors\/#primaryimage"},"thumbnailUrl":"https:\/\/germin.org\/wp-content\/uploads\/2022\/09\/fadil-berisha-profile3-980x719-1.jpg","articleSection":["News","News"],"inLanguage":"sq"},{"@type":"WebPage","@id":"https:\/\/germin.org\/fadil-berisha-joins-the-germin-board-of-directors\/","url":"https:\/\/germin.org\/fadil-berisha-joins-the-germin-board-of-directors\/","name":"Fadil Berisha joins the board of directors of GERMIN - Germin","isPartOf":{"@id":"https:\/\/germin.org\/#website"},"primaryImageOfPage":{"@id":"https:\/\/germin.org\/fadil-berisha-joins-the-germin-board-of-directors\/#primaryimage"},"image":{"@id":"https:\/\/germin.org\/fadil-berisha-joins-the-germin-board-of-directors\/#primaryimage"},"thumbnailUrl":"https:\/\/germin.org\/wp-content\/uploads\/2022\/09\/fadil-berisha-profile3-980x719-1.jpg","datePublished":"2022-09-15T11:43:07+00:00","breadcrumb":{"@id":"https:\/\/germin.org\/fadil-berisha-joins-the-germin-board-of-directors\/#breadcrumb"},"inLanguage":"sq","potentialAction":[{"@type":"ReadAction","target":["https:\/\/germin.org\/fadil-berisha-joins-the-germin-board-of-directors\/"]}]},{"@type":"ImageObject","inLanguage":"sq","@id":"https:\/\/germin.org\/fadil-berisha-joins-the-germin-board-of-directors\/#primaryimage","url":"https:\/\/germin.org\/wp-content\/uploads\/2022\/09\/fadil-berisha-profile3-980x719-1.jpg","contentUrl":"https:\/\/germin.org\/wp-content\/uploads\/2022\/09\/fadil-berisha-profile3-980x719-1.jpg","width":980,"height":719},{"@type":"BreadcrumbList","@id":"https:\/\/germin.org\/fadil-berisha-joins-the-germin-board-of-directors\/#breadcrumb","itemListElement":[{"@type":"ListItem","position":1,"name":"Home","item":"https:\/\/germin.org\/"},{"@type":"ListItem","position":2,"name":"Fadil Berisha joins the board of directors of GERMIN"}]},{"@type":"WebSite","@id":"https:\/\/germin.org\/#website","url":"https:\/\/germin.org\/","name":"Germin","description":"Co-Creating the Future","publisher":{"@id":"https:\/\/germin.org\/#organization"},"potentialAction":[{"@type":"SearchAction","target":{"@type":"EntryPoint","urlTemplate":"https:\/\/germin.org\/?s={search_term_string}"},"query-input":{"@type":"PropertyValueSpecification","valueRequired":true,"valueName":"search_term_string"}}],"inLanguage":"sq"},{"@type":"Organization","@id":"https:\/\/germin.org\/#organization","name":"Germin","url":"https:\/\/germin.org\/","logo":{"@type":"ImageObject","inLanguage":"sq","@id":"https:\/\/germin.org\/#\/schema\/logo\/image\/","url":"https:\/\/germin.org\/wp-content\/uploads\/2025\/05\/Germin_Logo-1.svg","contentUrl":"https:\/\/germin.org\/wp-content\/uploads\/2025\/05\/Germin_Logo-1.svg","width":1282,"height":378,"caption":"Germin"},"image":{"@id":"https:\/\/germin.org\/#\/schema\/logo\/image\/"}},{"@type":"Person","@id":"https:\/\/germin.org\/#\/schema\/person\/e8d8cc608a68d517f9a0fee07ceecd36","name":"admin","image":{"@type":"ImageObject","inLanguage":"sq","@id":"https:\/\/secure.gravatar.com\/avatar\/7f2ea56e3c3d76eaa58c6b5bf4c22591cb49c03b8b6b3232a7ac93492efeff3a?s=96&d=mm&r=g","url":"https:\/\/secure.gravatar.com\/avatar\/7f2ea56e3c3d76eaa58c6b5bf4c22591cb49c03b8b6b3232a7ac93492efeff3a?s=96&d=mm&r=g","contentUrl":"https:\/\/secure.gravatar.com\/avatar\/7f2ea56e3c3d76eaa58c6b5bf4c22591cb49c03b8b6b3232a7ac93492efeff3a?s=96&d=mm&r=g","caption":"admin"},"sameAs":["https:\/\/germin.org"],"url":"https:\/\/germin.org\/sq\/author\/shpatferizi_kplna5o5\/"}]}},"_links":{"self":[{"href":"https:\/\/germin.org\/sq\/wp-json\/wp\/v2\/posts\/7280","targetHints":{"allow":["GET"]}}],"collection":[{"href":"https:\/\/germin.org\/sq\/wp-json\/wp\/v2\/posts"}],"about":[{"href":"https:\/\/germin.org\/sq\/wp-json\/wp\/v2\/types\/post"}],"author":[{"embeddable":true,"href":"https:\/\/germin.org\/sq\/wp-json\/wp\/v2\/users\/1"}],"replies":[{"embeddable":true,"href":"https:\/\/germin.org\/sq\/wp-json\/wp\/v2\/comments?post=7280"}],"version-history":[{"count":0,"href":"https:\/\/germin.org\/sq\/wp-json\/wp\/v2\/posts\/7280\/revisions"}],"wp:featuredmedia":[{"embeddable":true,"href":"https:\/\/germin.org\/sq\/wp-json\/wp\/v2\/media\/7283"}],"wp:attachment":[{"href":"https:\/\/germin.org\/sq\/wp-json\/wp\/v2\/media?parent=7280"}],"wp:term":[{"taxonomy":"category","embeddable":true,"href":"https:\/\/germin.org\/sq\/wp-json\/wp\/v2\/categories?post=7280"},{"taxonomy":"post_tag","embeddable":true,"href":"https:\/\/germin.org\/sq\/wp-json\/wp\/v2\/tags?post=7280"}],"curies":[{"name":"wp","href":"https:\/\/api.w.org\/{rel}","templated":true}]}}